{"id":22085,"date":"2024-10-19T12:03:03","date_gmt":"2024-10-19T12:03:03","guid":{"rendered":"https:\/\/new.findnews5.com\/?p=22085"},"modified":"2024-10-19T12:03:08","modified_gmt":"2024-10-19T12:03:08","slug":"mam-nuk-ta-leshoj-doren-kurre-i-prekur-nga-tumori-mesazhi-perlotes-i-indritit-per-nenen-e-babain","status":"publish","type":"post","link":"https:\/\/new.findnews5.com\/?p=22085","title":{"rendered":"\u201cMam, nuk ta l\u00ebshoj dor\u00ebn kurr\u00eb\u201d I prekur nga tumori, mesazhi p\u00ebrlot\u00ebs i Indritit p\u00ebr n\u00ebn\u00ebn e babain"},"content":{"rendered":"<div class=\"78954ae5fa42b68c1393fe3da4998882\" data-index=\"1\" style=\"float: none; margin:0px 0 0px 0; text-align:center;\">\n<div data-type=\"_mgwidget\" data-widget-id=\"1576712\">\r\n<\/div>\r\n<script>(function(w,q){w[q]=w[q]||[];w[q].push([\"_mgc.load\"])})(window,\"_mgq\");\r\n<\/script>\r\n\n<\/div>\n\n<p>I prekur nga tumori n\u00eb sy e kok\u00eb q\u00eb rrezikon t\u2019i marr\u00eb jet\u00ebn, por s\u00ebrish i buz\u00ebqeshur, p\u00ebr t\u2019i dh\u00ebn\u00eb nj\u00eb mesazh t\u00eb ndjer\u00eb n\u00ebn\u00ebs e babait q\u00eb prej muajsh derdhin lot p\u00ebr t\u00eb.<\/p>\n\n\n\n<p>N\u00eb studion e emisionit \u201cP\u00ebr Shqiptar\u00ebt\u201d, prind\u00ebrit e Indritit 5 vje\u00e7ar treguan kalvarin e vuajtjeve me vog\u00eblushin e tyre e s\u00ebmundjen q\u00eb e ka kapluar.<\/p>\n\n\n\n<figure class=\"wp-block-embed\"><div class=\"wp-block-embed__wrapper\">\nhttps:\/\/www.gofundme.com\/f\/te-shpetojme-jeten-e-indritit-me-tumor-ne-koke\/widget\/medium?sharesheet=CAMPAIGN_PAGE&#038;attribution_id=undefined&#038;utm_content=fch.al&#038;utm_medium=referral&#038;utm_source=widget#:~:tcm-regime=GDPR&#038;tcm-prompt=Hidden\n<\/div><\/figure>\n\n\n\n<p>N\u00ebna e Indritit:&nbsp;<em>Gjendja e Indritit nuk \u00ebsht\u00eb e mir\u00eb, sa vjen e p\u00ebrkeq\u00ebsohet. Sot shkuam p\u00ebr t\u00eb b\u00ebr\u00eb kimioterapin\u00eb. E kap\u00ebn krizat, i binte murit me kok\u00ebn. Ka shum\u00eb kriza, dhimbje koke, sa vjen e b\u00ebhet m\u00eb keq. Indriti e kupton gjendjen n\u00eb t\u00eb cil\u00ebn \u00ebsht\u00eb. Kur \u00ebsht\u00eb i qet\u00eb, m\u00eb thot\u00eb mami mos u m\u00ebrzit, se un\u00eb do t\u00eb sh\u00ebrohem. Un\u00eb nuk do t\u00eb kem m\u00eb kaq shum\u00eb dhimbje\u2026 dhe m\u00eb pas nuk \u00ebsht\u00eb m\u00eb ai, i fillojn\u00eb krizat, e b\u00ebhet i pap\u00ebrmbajtur prej dhimbjes. Ai k\u00ebrkon vet\u00ebm qet\u00ebsi.<\/em><\/p>\n\n\n\n<p>Elvisi:&nbsp;<em>Un\u00eb Fatm\u00ebn e pash\u00eb duke qar\u00eb, sepse Besjana i kishte th\u00ebn\u00eb nj\u00eb fjal\u00eb shum\u00eb t\u00eb v\u00ebshtir\u00eb\u2026 nuk e di sesa koh\u00eb ka q\u00eb f\u00ebmij\u00ebt e mi jan\u00eb ngopur me ushqim. Tjetra, m\u00eb e v\u00ebshtira, \u00ebsht\u00eb s\u00ebmundja e Indritit.<\/em><\/p>\n\n\n\n<p><em>T\u2019ju them t\u00eb drejt\u00ebn, \u00ebsht\u00eb nj\u00eb rast i v\u00ebshtir\u00eb, por jo i pashpres\u00eb. Ne kemi folur me spitalin dhe ata na japin sinjale se ka shanse p\u00ebr t\u2019u sh\u00ebruar. Ne f\u00ebmij\u00ebt shqiptar\u00eb i d\u00ebrgojm\u00eb n\u00eb nj\u00eb spital t\u00eb quajtur \u2018Bambino Gesu\u2019, n\u00eb spitalin e dyt\u00eb m\u00eb t\u00eb mir\u00eb n\u00eb europ\u00eb, dhe kjo \u00ebsht\u00eb nj\u00eb krenari p\u00ebr t\u00eb gjith\u00eb sfatin ton\u00eb.<\/em><\/p>\n\n\n\n<p>Marina Vjollca u tregoi prind\u00ebrve t\u00eb Endritit, se vog\u00eblushi i tyre ka nj\u00eb mesazh p\u00ebr ta, nj\u00eb mesazh q\u00eb i mbushi me lot Besjan\u00ebn e Eltonin.<\/p>\n\n\n\n<p><em><strong>Indriti:<\/strong>&nbsp;Mami babi ju dua shum\u00eb. Mam, mos qaj p\u00ebr mua, se un\u00eb do t\u00eb sh\u00ebrohem. Un\u00eb nuk do t\u00eb t\u00eb l\u00eb vet\u00ebm. Nuk do ta l\u00ebshoj dor\u00ebn kurr\u00eb. Un\u00eb do t\u00eb sh\u00ebrohem, mos u m\u00ebrzisni p\u00ebr mua.<\/em><\/p>\n\n\n\n<figure class=\"wp-block-image\"><img decoding=\"async\" src=\"https:\/\/fch.al\/wp-content\/uploads\/2024\/10\/Screenshot_40.png\" alt=\"\" class=\"wp-image-20672\"\/><\/figure>\n\n<div style=\"font-size: 0px; height: 0px; line-height: 0px; margin: 0; padding: 0; clear: both;\"><\/div>","protected":false},"excerpt":{"rendered":"<p>I prekur nga tumori n\u00eb sy e kok\u00eb q\u00eb rrezikon t\u2019i marr\u00eb jet\u00ebn, por s\u00ebrish i buz\u00ebqeshur, p\u00ebr t\u2019i dh\u00ebn\u00eb nj\u00eb mesazh t\u00eb ndjer\u00eb n\u00ebn\u00ebs e babait&#8230; <\/p>\n","protected":false},"author":1,"featured_media":22086,"comment_status":"open","ping_status":"open","sticky":false,"template":"","format":"standard","meta":{"footnotes":""},"categories":[6],"tags":[],"class_list":["post-22085","post","type-post","status-publish","format-standard","has-post-thumbnail","hentry","category-lajme"],"_links":{"self":[{"href":"https:\/\/new.findnews5.com\/index.php?rest_route=\/wp\/v2\/posts\/22085","targetHints":{"allow":["GET"]}}],"collection":[{"href":"https:\/\/new.findnews5.com\/index.php?rest_route=\/wp\/v2\/posts"}],"about":[{"href":"https:\/\/new.findnews5.com\/index.php?rest_route=\/wp\/v2\/types\/post"}],"author":[{"embeddable":true,"href":"https:\/\/new.findnews5.com\/index.php?rest_route=\/wp\/v2\/users\/1"}],"replies":[{"embeddable":true,"href":"https:\/\/new.findnews5.com\/index.php?rest_route=%2Fwp%2Fv2%2Fcomments&post=22085"}],"version-history":[{"count":0,"href":"https:\/\/new.findnews5.com\/index.php?rest_route=\/wp\/v2\/posts\/22085\/revisions"}],"wp:featuredmedia":[{"embeddable":true,"href":"https:\/\/new.findnews5.com\/index.php?rest_route=\/wp\/v2\/media\/22086"}],"wp:attachment":[{"href":"https:\/\/new.findnews5.com\/index.php?rest_route=%2Fwp%2Fv2%2Fmedia&parent=22085"}],"wp:term":[{"taxonomy":"category","embeddable":true,"href":"https:\/\/new.findnews5.com\/index.php?rest_route=%2Fwp%2Fv2%2Fcategories&post=22085"},{"taxonomy":"post_tag","embeddable":true,"href":"https:\/\/new.findnews5.com\/index.php?rest_route=%2Fwp%2Fv2%2Ftags&post=22085"}],"curies":[{"name":"wp","href":"https:\/\/api.w.org\/{rel}","templated":true}]}}