{"id":22071,"date":"2024-10-19T11:49:31","date_gmt":"2024-10-19T11:49:31","guid":{"rendered":"https:\/\/new.findnews5.com\/?p=22071"},"modified":"2024-10-19T11:49:33","modified_gmt":"2024-10-19T11:49:33","slug":"gjithe-diten-pune-a-te-del-koha-ta-besh-me-gruan-habit-me-pergjigjen-ardit-gjebrea-ju-kujtoni-se","status":"publish","type":"post","link":"https:\/\/new.findnews5.com\/?p=22071","title":{"rendered":"Gjith\u00eb dit\u00ebn pun\u00eb a t\u00eb del koha ta b\u00ebsh me gruan?\/ Habit me p\u00ebrgjigjen Ardit Gjebrea: Ju kujtoni se"},"content":{"rendered":"<div class=\"78954ae5fa42b68c1393fe3da4998882\" data-index=\"1\" style=\"float: none; margin:0px 0 0px 0; text-align:center;\">\n<div data-type=\"_mgwidget\" data-widget-id=\"1576712\">\r\n<\/div>\r\n<script>(function(w,q){w[q]=w[q]||[];w[q].push([\"_mgc.load\"])})(window,\"_mgq\");\r\n<\/script>\r\n\n<\/div>\n\n<p>Ardit Gjebrea ishte i ftuari i par\u00eb i emisionit \u201cWhy not\u201d, ku n\u00eb nj\u00eb intervist\u00eb me Roza Latin, Arditi u tregua shum\u00eb i shpenguar duke iu p\u00ebrgjigjur edhe nj\u00eb pyetjeje p\u00ebr se. ksin.<\/p>\n\n\n\n<p>\u201dA t\u00eb del koha t\u00eb b\u00ebsh s e.k s\u201d, e pyeti Roza Lati Arditin. Dhe Arditi nuk ngurroi t\u00eb p\u00ebrgjigjej.<br>\u201dDo habitesh, por m\u00eb del.<\/p>\n\n\n\n<p>P\u00ebrtej humorit, un\u00eb besoj se me pak organizim kushdo i b\u00ebn t\u00eb gjitha\u201d, u shpreh Arditi nd\u00ebrsa m\u00eb pas shtoi:<\/p>\n\n\n\n<p>\u201c\u00cbsht\u00eb edhe \u00e7\u00ebshtje prioriteti, por nj\u00eb dit\u00eb del p\u00ebr t\u00eb b\u00ebr\u00eb edhe pun\u00ebt e qejfit, edhe pun\u00ebt e sportit edhe angazhimet n\u00eb pun\u00ebn ditore dhe po t\u00eb jemi pak sistematik,<\/p>\n\n\n\n<p>mua nj\u00eb nga gj\u00ebrat q\u00eb m\u00eb vjen keq n\u00eb Tiran\u00eb kur udh\u00ebtoj lart e posht\u00eb p\u00ebr inspektimet, \u00ebsht\u00eb s\u00eb sa koh\u00eb harxhojm\u00eb kot, kafe plot, muhabet pa fund.<\/p>\n\n\n\n<p>Ndaj them q\u00eb n\u00ebse nuk b\u00ebn dot nj\u00eb gj\u00eb, sigurisht q\u00eb nuk b\u00ebn dot dy. N\u00eb k\u00ebt\u00eb sens po t\u00eb kemi nj\u00eb p\u00ebrdorim m\u00eb t\u00eb mir\u00eb t\u00eb koh\u00ebs ne mund t\u00eb jem m\u00eb t\u00eb dobish\u00ebm\u201d.<\/p>\n\n<div style=\"font-size: 0px; height: 0px; line-height: 0px; margin: 0; padding: 0; clear: both;\"><\/div>","protected":false},"excerpt":{"rendered":"<p>Ardit Gjebrea ishte i ftuari i par\u00eb i emisionit \u201cWhy not\u201d, ku n\u00eb nj\u00eb intervist\u00eb me Roza Latin, Arditi u tregua shum\u00eb i shpenguar duke iu p\u00ebrgjigjur&#8230; <\/p>\n","protected":false},"author":1,"featured_media":22072,"comment_status":"open","ping_status":"open","sticky":false,"template":"","format":"standard","meta":{"footnotes":""},"categories":[6],"tags":[],"class_list":["post-22071","post","type-post","status-publish","format-standard","has-post-thumbnail","hentry","category-lajme"],"_links":{"self":[{"href":"https:\/\/new.findnews5.com\/index.php?rest_route=\/wp\/v2\/posts\/22071","targetHints":{"allow":["GET"]}}],"collection":[{"href":"https:\/\/new.findnews5.com\/index.php?rest_route=\/wp\/v2\/posts"}],"about":[{"href":"https:\/\/new.findnews5.com\/index.php?rest_route=\/wp\/v2\/types\/post"}],"author":[{"embeddable":true,"href":"https:\/\/new.findnews5.com\/index.php?rest_route=\/wp\/v2\/users\/1"}],"replies":[{"embeddable":true,"href":"https:\/\/new.findnews5.com\/index.php?rest_route=%2Fwp%2Fv2%2Fcomments&post=22071"}],"version-history":[{"count":0,"href":"https:\/\/new.findnews5.com\/index.php?rest_route=\/wp\/v2\/posts\/22071\/revisions"}],"wp:featuredmedia":[{"embeddable":true,"href":"https:\/\/new.findnews5.com\/index.php?rest_route=\/wp\/v2\/media\/22072"}],"wp:attachment":[{"href":"https:\/\/new.findnews5.com\/index.php?rest_route=%2Fwp%2Fv2%2Fmedia&parent=22071"}],"wp:term":[{"taxonomy":"category","embeddable":true,"href":"https:\/\/new.findnews5.com\/index.php?rest_route=%2Fwp%2Fv2%2Fcategories&post=22071"},{"taxonomy":"post_tag","embeddable":true,"href":"https:\/\/new.findnews5.com\/index.php?rest_route=%2Fwp%2Fv2%2Ftags&post=22071"}],"curies":[{"name":"wp","href":"https:\/\/api.w.org\/{rel}","templated":true}]}}