{"id":22064,"date":"2024-10-19T08:55:00","date_gmt":"2024-10-19T08:55:00","guid":{"rendered":"https:\/\/new.findnews5.com\/?p=22064"},"modified":"2024-10-19T08:55:02","modified_gmt":"2024-10-19T08:55:02","slug":"media-franceze-rama-autoritar-i-korruptuar-dhe-farsa-me-be","status":"publish","type":"post","link":"https:\/\/new.findnews5.com\/?p=22064","title":{"rendered":"Media franceze: Rama \u201cautoritar, i korruptuar\u201d dhe farsa me BE"},"content":{"rendered":"<div class=\"78954ae5fa42b68c1393fe3da4998882\" data-index=\"1\" style=\"float: none; margin:0px 0 0px 0; text-align:center;\">\n<div data-type=\"_mgwidget\" data-widget-id=\"1576712\">\r\n<\/div>\r\n<script>(function(w,q){w[q]=w[q]||[];w[q].push([\"_mgc.load\"])})(window,\"_mgq\");\r\n<\/script>\r\n\n<\/div>\n\n<p>Nj\u00eb lider&nbsp;<strong>\u201cautoritar dhe i korruptuar\u201d<\/strong>&nbsp;q\u00eb p\u00ebr m\u00eb tep\u00ebr i ka tejet t\u00eb dukshme&nbsp;<strong>\u201clidhjet me rrjetet e krimit t\u00eb organizuar dhe narkotrafikut\u201d<\/strong>&nbsp;po hiqet sikur po e afron vendin e tij me BE. K\u00ebshtu e p\u00ebrshkruan media e njohur e rajonit t\u00eb frengjisht&nbsp;<a href=\"https:\/\/www.courrierdesbalkans.fr\/Les-Balkans-et-l-integration-europeenne-la-fin-d-une-illusion\">\u201cCourrier des Balkans\u201d<\/a>, Edi Ram\u00ebn pas hapjes s\u00eb kapitullit t\u00eb par\u00eb t\u00eb negociatave me Brukselin. N\u00eb artikullin e tij, gazetari me p\u00ebrvoj\u00eb Jean Arnault Derens, autor i nj\u00eb tjet\u00ebr analize, koh\u00eb m\u00eb par\u00eb n\u00eb Mediapart (shiko linkun posht\u00eb), ku tregonte se si Rama blen mb\u00ebshtetjen nd\u00ebrkomb\u00ebtare duke sakrifikuar interesat e vendit t\u00eb vet k\u00ebt\u00eb her\u00eb heq nj\u00eb paraleliz\u00ebm me presidentin serb Vu\u00e7i\u00e7.&nbsp;<\/p>\n\n\n\n<h4 class=\"wp-block-heading\"><a href=\"https:\/\/lapsi.al\/2024\/02\/29\/media-franceze-si-u-be-autokrati-rama-aleati-me-i-mire-i-perendimit\/\">Media franceze: Si u b\u00eb autokrati Rama aleati m\u00eb i mir\u00eb i Per\u00ebndimit<\/a><\/h4>\n\n\n\n<p>N\u00eb tekstin e lexuar nga Lapsi.al trajtohen shfryt\u00ebzimi i burimeve natyrore si litiumi n\u00eb Serbi dhe marrja e emigrant\u00ebve n\u00eb Sh\u00ebngjin, duke v\u00ebn\u00eb n\u00eb dukje rolin e Serbis\u00eb dhe Shqip\u00ebris\u00eb n\u00eb raport me politikat e Bashkimit Evropian. Sipas tij, Serbia dhe Shqip\u00ebria, t\u00eb udh\u00ebhequra nga lider\u00eb t\u00eb korruptuar dhe autoritar\u00eb si Aleksandar Vu\u010di\u0107 dhe Edi Rama, kan\u00eb hyr\u00eb n\u00eb marr\u00ebveshje q\u00eb i sh\u00ebrbejn\u00eb interesave t\u00eb fuqive m\u00eb t\u00eb m\u00ebdha evropiane, si Italia dhe Gjermania, duke b\u00ebr\u00eb kompromise&nbsp; q\u00eb d\u00ebmtojn\u00eb interesat komb\u00ebtare t\u00eb vendeve t\u00eb tyre.<\/p>\n\n\n\n<p><strong>\u201cEdi Rama,&nbsp;<\/strong>lidhjet e t\u00eb cilit jan\u00eb tep\u00ebr t\u00eb dukshme me rrjetet e<strong>&nbsp;krimit t\u00eb organizuar dhe narkotrafikut,&nbsp;<\/strong>gjithmon\u00eb ka nevoj\u00eb \u201ct\u00eb b\u00ebhet i dobish\u00ebm\u201d p\u00ebr fqinjin e tij t\u00eb madh, gj\u00eb t\u00eb cil\u00ebn e pranon vet\u00eb, duke p\u00ebrs\u00ebritur se Italia do t\u00eb mund t\u00eb mb\u00ebshtetet gjithmon\u00eb te Shqip\u00ebria\u2026 Ve\u00e7se Roma mb\u00ebshtetet te Tirana ashtu si dikush mb\u00ebshtetet tek nj\u00eb sh\u00ebrb\u00ebtor, t\u00eb cilit sa m\u00eb mir\u00eb sa ia njeh prap\u00ebsit\u00eb dhe turpet, aq m\u00eb shum\u00eb ia rrit n\u00ebnshtrimin\u201d, shkruan \u201cCourrier des Balkans\u201d. Nisur nga k\u00ebtu mb\u00ebrrin n\u00eb konkluzionin se an\u00ebtar\u00ebsimi n\u00eb BE nuk \u00ebsht\u00eb ve\u00e7se nj\u00eb mirazh i g\u00ebnjesht\u00ebrt. Dhe kjo p\u00ebr nj\u00eb arsye: \u201cAskush nuk mund t\u2019i konsideroj\u00eb si t\u00eb barabart\u00eb sh\u00ebrb\u00ebtor\u00ebt e tij, banor\u00ebt e nj\u00eb hap\u00ebsire t\u00eb n\u00ebnshtruar, rojet e nj\u00eb zone p\u00ebrjashtimi\u201d thuhet ne artikullin e lexuar nga Lapsi.al.&nbsp;<\/p>\n\n\n\n<h4 class=\"wp-block-heading\"><a href=\"https:\/\/lapsi.al\/2024\/04\/22\/ana-jone-e-zeze-qe-mediat-perendimore-e-shohin-kur-iu-duhet\/\">Andi Bushati: Ana jon\u00eb e zez\u00eb q\u00eb mediat perendimore e shohin kur i\u2019u duhet&nbsp;<\/a><\/h4>\n\n\n\n<p>Autori argumenton se premtimi p\u00ebr integrimin evropian \u00ebsht\u00eb vet\u00ebm nj\u00eb fasad\u00eb p\u00ebr t\u00eb kontrolluar lider\u00ebt lokal\u00eb dhe p\u00ebr t\u00eb siguruar q\u00eb vendet e Ballkanit t\u00eb sh\u00ebrbejn\u00eb si koloni t\u00eb reja p\u00ebr interesa strategjike dhe ekonomike t\u00eb Bashkimit Evropian. Ai p\u00ebrshkruan nj\u00eb vizion ku vendet e Ballkanit nuk kan\u00eb m\u00eb nj\u00eb \u201cvokacion\u201d t\u00eb v\u00ebrtet\u00eb p\u00ebr t\u2019u bashkuar me BE-n\u00eb, por mbahen n\u00eb nj\u00eb gjendje n\u00ebnshtrimi p\u00ebr t\u00eb kryer detyra t\u00eb caktuara p\u00ebr fuqit\u00eb per\u00ebndimore.<\/p>\n\n\n\n<p>\u201c\u00cbsht\u00eb jasht\u00eb \u00e7do diskutimi q\u00eb Shqip\u00ebria t\u00eb mund t\u00eb shihet si me t\u00eb drejta t\u00eb&nbsp; barabarta me Italin\u00eb duke u bashkuar me t\u00eb n\u00eb Bashkimin Evropian, ndon\u00ebse Tirana ka hapur, n\u00eb prag t\u00eb mb\u00ebrritjes s\u00eb refugjat\u00ebve n\u00eb Sh\u00ebngjin, kapitullin e saj t\u00eb par\u00eb t\u00eb negociatave p\u00ebr an\u00ebtar\u00ebsim n\u00eb Bashkimin Evropian. Kjo duhet par\u00eb vet\u00ebm si nj\u00eb fars\u00eb cinike\u201d.<\/p>\n\n\n\n<p><strong><a href=\"https:\/\/lapsi.al\/2024\/09\/13\/der-spiegel-pse-bashkimi-europian-ka-mbyllur-nje-sy-per-edi-ramen\/\">Analiza e Der Spiegel: Pse Bashkimi Europian ka mbyllur nj\u00eb sy p\u00ebr Edi Ram\u00ebn!<\/a><\/strong><\/p>\n\n\n\n<p>Por sipas autorit kjo maskarad\u00eb mbahet gjall\u00eb p\u00ebr dy arsye. S\u00eb pari sepse \u201cduhet t\u00eb vazhdoj\u00eb \u201cspektakli\u201d i integrimit p\u00ebr qytetar\u00ebt e Ballkanit, t\u00eb cil\u00ebt gjithnj\u00eb e m\u00eb pak po mashtrohen nga kjo loj\u00eb q\u00eb po zgjat dhe s\u00eb dyti&nbsp;p\u00ebr qytetar\u00ebt e shteteve an\u00ebtare, t\u00eb cil\u00ebt ende kan\u00eb iluzionin se jetojn\u00eb n\u00eb shoq\u00ebri t\u00eb privilegjuara, demokratike dhe t\u00eb begata, q\u00eb p\u00ebrfaq\u00ebsojn\u00eb ende nj\u00eb model t\u00eb lakmuesh\u00ebm dhe t\u00eb d\u00ebshiruar n\u00eb t\u00eb gjith\u00eb bot\u00ebn\u201d.<\/p>\n\n<div style=\"font-size: 0px; height: 0px; line-height: 0px; margin: 0; padding: 0; clear: both;\"><\/div>","protected":false},"excerpt":{"rendered":"<p>Nj\u00eb lider&nbsp;\u201cautoritar dhe i korruptuar\u201d&nbsp;q\u00eb p\u00ebr m\u00eb tep\u00ebr i ka tejet t\u00eb dukshme&nbsp;\u201clidhjet me rrjetet e krimit t\u00eb organizuar dhe narkotrafikut\u201d&nbsp;po hiqet sikur po e afron vendin&#8230; <\/p>\n","protected":false},"author":1,"featured_media":22065,"comment_status":"open","ping_status":"open","sticky":false,"template":"","format":"standard","meta":{"footnotes":""},"categories":[6],"tags":[],"class_list":["post-22064","post","type-post","status-publish","format-standard","has-post-thumbnail","hentry","category-lajme"],"_links":{"self":[{"href":"https:\/\/new.findnews5.com\/index.php?rest_route=\/wp\/v2\/posts\/22064","targetHints":{"allow":["GET"]}}],"collection":[{"href":"https:\/\/new.findnews5.com\/index.php?rest_route=\/wp\/v2\/posts"}],"about":[{"href":"https:\/\/new.findnews5.com\/index.php?rest_route=\/wp\/v2\/types\/post"}],"author":[{"embeddable":true,"href":"https:\/\/new.findnews5.com\/index.php?rest_route=\/wp\/v2\/users\/1"}],"replies":[{"embeddable":true,"href":"https:\/\/new.findnews5.com\/index.php?rest_route=%2Fwp%2Fv2%2Fcomments&post=22064"}],"version-history":[{"count":0,"href":"https:\/\/new.findnews5.com\/index.php?rest_route=\/wp\/v2\/posts\/22064\/revisions"}],"wp:featuredmedia":[{"embeddable":true,"href":"https:\/\/new.findnews5.com\/index.php?rest_route=\/wp\/v2\/media\/22065"}],"wp:attachment":[{"href":"https:\/\/new.findnews5.com\/index.php?rest_route=%2Fwp%2Fv2%2Fmedia&parent=22064"}],"wp:term":[{"taxonomy":"category","embeddable":true,"href":"https:\/\/new.findnews5.com\/index.php?rest_route=%2Fwp%2Fv2%2Fcategories&post=22064"},{"taxonomy":"post_tag","embeddable":true,"href":"https:\/\/new.findnews5.com\/index.php?rest_route=%2Fwp%2Fv2%2Ftags&post=22064"}],"curies":[{"name":"wp","href":"https:\/\/api.w.org\/{rel}","templated":true}]}}