{"id":22044,"date":"2024-10-18T13:26:10","date_gmt":"2024-10-18T13:26:10","guid":{"rendered":"https:\/\/new.findnews5.com\/?p=22044"},"modified":"2024-10-18T13:26:13","modified_gmt":"2024-10-18T13:26:13","slug":"ferronikeli-u-shit-na-duhen-dy-qymyr-biseda-te-reja-te-mihalit-me-ish-kryeshefin-e-kek-ut-rreth-energjetikes","status":"publish","type":"post","link":"https:\/\/new.findnews5.com\/?p=22044","title":{"rendered":"\u2018\u2019Ferronikeli u shit; Na duhen dy qymyr\u2019\u2019, biseda t\u00eb reja t\u00eb Mihalit me ish-kryeshefin e KEK-ut rreth energjetik\u00ebs"},"content":{"rendered":"<div class=\"78954ae5fa42b68c1393fe3da4998882\" data-index=\"1\" style=\"float: none; margin:0px 0 0px 0; text-align:center;\">\n<div data-type=\"_mgwidget\" data-widget-id=\"1576712\">\r\n<\/div>\r\n<script>(function(w,q){w[q]=w[q]||[];w[q].push([\"_mgc.load\"])})(window,\"_mgq\");\r\n<\/script>\r\n\n<\/div>\n\n<p><strong>Emra t\u00eb an\u00ebtar\u00ebve n\u00ebp\u00ebr borde, komunikime me zyrtar\u00eb politik\u00eb e civil\u00eb t\u00eb institucioneve, komunikim p\u00ebr rregullore t\u00eb KEK-ut dhe redaktore e komunikatave t\u00eb Korporat\u00ebs Energjetike t\u00eb Kosov\u00ebs.<\/strong><\/p>\n\n\n\n<p>T\u00eb gjitha k\u00ebto pun\u00eb e funksione i kryen koordinatorja e VV-s\u00eb, Dejona Mihali, n\u00eb mesazhet e saj me Nagip Krasniqin.<\/p>\n\n\n\n<p>Urdhrin e Dejona Mihalit q\u00eb t\u00eb mos ket\u00eb reduktime t\u00eb rrym\u00ebs p\u00ebr dy dit\u00eb n\u00eb Kosov\u00eb, ish-kryeshefi i KEK-ut, Nagip Krasniqi, ia p\u00ebrcolli \u2018Ergysit\u2019. Sakt\u00ebsisht si\u00e7 thuhet n\u00eb mesazhin e publikuar dit\u00eb m\u00eb par\u00eb. E Ergysi nuk \u00ebsht\u00eb nj\u00eb person i r\u00ebndomt\u00eb.<\/p>\n\n\n\n<p>Ergys Verdho ishte Drejtor i Korporat\u00ebs Energjetike n\u00eb Shqip\u00ebri, nga ku Kosova dy vjet m\u00eb par\u00eb po blinte rrym\u00eb. Pra, Dejona Mihali, e urdh\u00ebron Nagip Krasniqin, p\u00ebr sasin\u00eb e rrym\u00ebs q\u00eb duhet t\u00eb blehet n\u00eb m\u00ebnyr\u00eb q\u00eb t\u00eb mos ket\u00eb reduktime.<\/p>\n\n\n\n<figure class=\"wp-block-image\"><img decoding=\"async\" src=\"https:\/\/nacionale.com\/uploads\/39.jpg\" alt=\"\"\/><\/figure>\n\n\n\n<p>Megjithat\u00eb, tema se kur duhet t\u00eb ket\u00eb reduktime e kur jo, ka qen\u00eb vet\u00ebm nj\u00eb prej shum\u00eb temave t\u00eb r\u00ebnd\u00ebsishme p\u00ebr energjin\u00eb n\u00eb t\u00eb cilat ka qen\u00eb e p\u00ebrfshirja koordinatorja p\u00ebr komitete n\u00eb VV, Dejona Mihali.<\/p>\n\n\n\n<p>N\u00eb fakt, Mihali q\u00eb nuk ka asnj\u00eb funksion shtet\u00ebror, ka qen\u00eb personi q\u00eb ka kontrolluar gjith\u00e7ka rreth fush\u00ebs s\u00eb energjis\u00eb. Madje, edhe me tema q\u00eb duken krejt t\u00eb par\u00ebnd\u00ebsishme n\u00eb shikim t\u00eb par\u00eb.<\/p>\n\n\n\n<p><strong>Urgjenca n\u00eb KOSTT dhe k\u00ebrkesa p\u00ebr takim me Kurtin \u2013 Dejona \u2018post\u00eb\u2019<\/strong><\/p>\n\n\n\n<figure class=\"wp-block-image\"><img decoding=\"async\" src=\"https:\/\/nacionale.com\/uploads\/Biseda-1-Genc.jpg\" alt=\"\"\/><\/figure>\n\n\n\n<figure class=\"wp-block-image\"><img decoding=\"async\" src=\"https:\/\/nacionale.com\/uploads\/Biseda-2-Genc.jpg\" alt=\"\"\/><\/figure>\n\n\n\n<p><em>\u201cJo nuk e njoh\u201d.<\/em><\/p>\n\n\n\n<p><em>\u201cA ka mund\u00ebsi ta kontaktosh dhe ta pyes\u00ebsh si \u00ebsht\u00eb puna. Vet\u00ebm i thuaj q\u00eb na than\u00eb se di\u00e7ka problem keni aty\u201d,<\/em>&nbsp;i shkruan Dejona Mihali Nagip Krasniqit.<\/p>\n\n\n\n<p>Megjithat\u00eb informatat e Mihalit dalin t\u00eb jen\u00eb shum\u00eb m\u00eb t\u00eb avancuara p\u00ebr situat\u00ebn n\u00eb KOSTT. \u201c<\/p>\n\n\n\n<p>Madje kjo e fundit del se e di edhe \u00e7far\u00eb karakteri kan\u00eb udh\u00ebheq\u00ebsit e KOSTT-it.<\/p>\n\n\n\n<figure class=\"wp-block-image\"><img decoding=\"async\" src=\"https:\/\/nacionale.com\/uploads\/Biseda-3-Genc.jpg\" alt=\"\"\/><\/figure>\n\n\n\n<figure class=\"wp-block-image\"><img decoding=\"async\" src=\"https:\/\/nacionale.com\/uploads\/Biseda-4-Genc.jpg\" alt=\"\"\/><\/figure>\n\n\n\n<p><strong>An\u00ebtar\u00ebt e bordeve dhe pun\u00ebsimet \u2013 Komisarja Mihali di gjith\u00e7ka<\/strong><\/p>\n\n\n\n<p>N\u00eb t\u00eb tjera mesazhe t\u00eb cilat i ka publikuar Nacionale, koordinatorja e VV-s\u00eb, komunikon me Nagip Krasniqin p\u00ebr seancat e Kuvendit, votimet e an\u00ebtar\u00ebve t\u00eb Bordit dhe p\u00ebr njer\u00ebzit e besuesh\u00ebm q\u00eb kan\u00eb, dhe t\u00eb tjer\u00ebt q\u00eb ishin pjes\u00eb e \u2018regjimit\u2019 t\u00eb vjet\u00ebr.<\/p>\n\n\n\n<figure class=\"wp-block-image\"><img decoding=\"async\" src=\"https:\/\/nacionale.com\/uploads\/Erzeni-1.jpg\" alt=\"\"\/><\/figure>\n\n\n\n<figure class=\"wp-block-image\"><img decoding=\"async\" src=\"https:\/\/nacionale.com\/uploads\/Bekim-Lushaku.jpg\" alt=\"\"\/><\/figure>\n\n\n\n<p>Diskutimet nuk ndalen p\u00ebr pun\u00ebsimet, personat e af\u00ebrt me VV-n\u00eb, dhe p\u00ebr t\u00eb tjer\u00ebt q\u00eb kan\u00eb qen\u00eb t\u00eb nd\u00ebrlidhur me ish-regjimin.<\/p>\n\n\n\n<figure class=\"wp-block-image\"><img decoding=\"async\" src=\"https:\/\/nacionale.com\/uploads\/Punesimet.jpg\" alt=\"\"\/><\/figure>\n\n\n\n<p>Nagip Krasniqi e njoftonte Mihalin p\u00ebr shum\u00eb pozita me r\u00ebnd\u00ebsi ku kishte konkurse t\u00eb hapura.<\/p>\n\n\n\n<figure class=\"wp-block-image\"><img decoding=\"async\" src=\"https:\/\/nacionale.com\/uploads\/Drejtor-aplikim.jpg\" alt=\"\"\/><\/figure>\n\n\n\n<p>N\u00eb nj\u00eb tjet\u00ebr bised\u00eb, Mihali e njofton Krasniqin se sekretarin po e shkarkojn\u00eb, pavar\u00ebsisht se nuk dihet se p\u00ebr cilin sekretar ka qen\u00eb fjala.<\/p>\n\n\n\n<figure class=\"wp-block-image\"><img decoding=\"async\" src=\"https:\/\/nacionale.com\/uploads\/Sekretari-shkarkim.jpg\" alt=\"\"\/><\/figure>\n\n\n\n<p>Nj\u00eb tjet\u00ebr bised\u00eb duket se b\u00ebhet p\u00ebr disa persona t\u00eb cil\u00ebt jan\u00eb t\u00eb af\u00ebrt me VV-n\u00eb, dhe t\u00eb cil\u00ebt duhet t\u00eb ftoheshin n\u00eb nj\u00eb takim t\u00eb r\u00ebnd\u00ebsish\u00ebm.<\/p>\n\n\n\n<figure class=\"wp-block-image\"><img decoding=\"async\" src=\"https:\/\/nacionale.com\/uploads\/Takimi-1.jpg\" alt=\"\"\/><\/figure>\n\n\n\n<figure class=\"wp-block-image\"><img decoding=\"async\" src=\"https:\/\/nacionale.com\/uploads\/Takimi-2.jpg\" alt=\"\"\/><\/figure>\n\n\n\n<p><strong>Mihali i redakton komunikatat e vendimet n\u00eb KEK<\/strong><\/p>\n\n\n\n<figure class=\"wp-block-image\"><img decoding=\"async\" src=\"https:\/\/nacionale.com\/uploads\/Gjendja-urgjente.jpg\" alt=\"\"\/><\/figure>\n\n\n\n<figure class=\"wp-block-image\"><img decoding=\"async\" src=\"https:\/\/klankosova.tv\/wp-content\/uploads\/2024\/10\/45_2024-10-15-061648_maar.jpg\" alt=\"\"\/><\/figure>\n\n\n\n<figure class=\"wp-block-image\"><img decoding=\"async\" src=\"https:\/\/nacionale.com\/uploads\/Dokumenti-1.jpg\" alt=\"\"\/><\/figure>\n\n\n\n<figure class=\"wp-block-image\"><img decoding=\"async\" src=\"https:\/\/nacionale.com\/uploads\/Dokumenti-2.jpg\" alt=\"\"\/><\/figure>\n\n\n\n<p>Mihali n\u00eb rolin e udh\u00ebheqeses s\u00eb zyr\u00ebs p\u00ebr media, k\u00ebrkonte q\u00eb t\u00eb organizohet nj\u00eb konferenc\u00eb.&nbsp;<em>\u201cSi p\u00ebrmbledhje e pun\u00ebve. Jo si justifikim, por si prezantim\u201d,<\/em>&nbsp;Krasniqi ia kthen&nbsp;<em>\u201cPo e kam n\u00eb plan\u201d.<\/em><\/p>\n\n\n\n<figure class=\"wp-block-image\"><img decoding=\"async\" src=\"https:\/\/nacionale.com\/uploads\/28.jpg\" alt=\"\"\/><\/figure>\n\n\n\n<figure class=\"wp-block-image\"><img decoding=\"async\" src=\"https:\/\/nacionale.com\/uploads\/65_2024-10-16-131146_snvi.jpg\" alt=\"\"\/><\/figure>\n\n<div style=\"font-size: 0px; height: 0px; line-height: 0px; margin: 0; padding: 0; clear: both;\"><\/div>","protected":false},"excerpt":{"rendered":"<p>Emra t\u00eb an\u00ebtar\u00ebve n\u00ebp\u00ebr borde, komunikime me zyrtar\u00eb politik\u00eb e civil\u00eb t\u00eb institucioneve, komunikim p\u00ebr rregullore t\u00eb KEK-ut dhe redaktore e komunikatave t\u00eb Korporat\u00ebs Energjetike t\u00eb Kosov\u00ebs&#8230;. <\/p>\n","protected":false},"author":1,"featured_media":22045,"comment_status":"open","ping_status":"open","sticky":false,"template":"","format":"standard","meta":{"footnotes":""},"categories":[6],"tags":[],"class_list":["post-22044","post","type-post","status-publish","format-standard","has-post-thumbnail","hentry","category-lajme"],"_links":{"self":[{"href":"https:\/\/new.findnews5.com\/index.php?rest_route=\/wp\/v2\/posts\/22044","targetHints":{"allow":["GET"]}}],"collection":[{"href":"https:\/\/new.findnews5.com\/index.php?rest_route=\/wp\/v2\/posts"}],"about":[{"href":"https:\/\/new.findnews5.com\/index.php?rest_route=\/wp\/v2\/types\/post"}],"author":[{"embeddable":true,"href":"https:\/\/new.findnews5.com\/index.php?rest_route=\/wp\/v2\/users\/1"}],"replies":[{"embeddable":true,"href":"https:\/\/new.findnews5.com\/index.php?rest_route=%2Fwp%2Fv2%2Fcomments&post=22044"}],"version-history":[{"count":0,"href":"https:\/\/new.findnews5.com\/index.php?rest_route=\/wp\/v2\/posts\/22044\/revisions"}],"wp:featuredmedia":[{"embeddable":true,"href":"https:\/\/new.findnews5.com\/index.php?rest_route=\/wp\/v2\/media\/22045"}],"wp:attachment":[{"href":"https:\/\/new.findnews5.com\/index.php?rest_route=%2Fwp%2Fv2%2Fmedia&parent=22044"}],"wp:term":[{"taxonomy":"category","embeddable":true,"href":"https:\/\/new.findnews5.com\/index.php?rest_route=%2Fwp%2Fv2%2Fcategories&post=22044"},{"taxonomy":"post_tag","embeddable":true,"href":"https:\/\/new.findnews5.com\/index.php?rest_route=%2Fwp%2Fv2%2Ftags&post=22044"}],"curies":[{"name":"wp","href":"https:\/\/api.w.org\/{rel}","templated":true}]}}