{"id":22013,"date":"2024-10-18T07:04:08","date_gmt":"2024-10-18T07:04:08","guid":{"rendered":"https:\/\/new.findnews5.com\/?p=22013"},"modified":"2024-10-18T07:04:17","modified_gmt":"2024-10-18T07:04:17","slug":"berisha-kercenon-publikisht-policin-e-videos-blof-altin-muco-nuk-do-gjesh-vend-mbi-toke-skandal","status":"publish","type":"post","link":"https:\/\/new.findnews5.com\/?p=22013","title":{"rendered":"Berisha k\u00ebrc\u00ebnon publikisht policin e videos BLOF: Altin Mu\u00e7o nuk do gjesh vend mbi tok\u00eb ! (SKANDAL)"},"content":{"rendered":"<div class=\"78954ae5fa42b68c1393fe3da4998882\" data-index=\"1\" style=\"float: none; margin:0px 0 0px 0; text-align:center;\">\n<div data-type=\"_mgwidget\" data-widget-id=\"1576712\">\r\n<\/div>\r\n<script>(function(w,q){w[q]=w[q]||[];w[q].push([\"_mgc.load\"])})(window,\"_mgq\");\r\n<\/script>\r\n\n<\/div>\n\n<p>Sali Berisha ka reaguar pas pretendimit t\u00eb PD se nj\u00eb efektiv i FNSH nxori arm\u00ebn ndaj deputet\u00ebve gjat\u00eb p\u00ebrplasjeve n\u00eb oborrin e kuvendit dit\u00ebn e sotme.<\/p>\n\n\n\n<p>Teksa mbajti fjalimin e tij nga dritarja e ballkonit t\u00eb banes\u00ebs dit\u00ebn e sotme, me tone k\u00ebrc\u00ebnuese, Berisha e quajti mercenar e bandit, nd\u00ebrsa i tha se vend mbi tok\u00eb nuk do gjej\u00eb, pasi ka nxjerr\u00eb arm\u00ebn ndaj deputet\u00ebve.<\/p>\n\n\n\n<p>\u201c Altin Mu\u00e7o, ti q\u00eb nxore revolen ndaj deputetit, vend mbi tok\u00eb nuk do t\u00eb kesh! Bandit, mercenar q\u00eb nuk njeh Kushtetut\u00eb, nuk njeh ligj, nuk njeh moral. Nuk t\u00eb mbron ty as Ervin Porja apo Troplini, as Ilir Shullazi, as Edvin Hajduti. Nuk t\u00eb mbron njeri ty! Ke b\u00ebr\u00eb nj\u00eb akt q\u00eb nuk e ka b\u00ebr\u00eb kush nga viti 1945 gjer sot. Trim\u00ebria, guximi, vendosm\u00ebria e deputet\u00ebve t\u00eb opozit\u00ebs n\u00eb sall\u00eb dhe jasht\u00eb sall\u00ebs e shnd\u00ebrroi parlamentin n\u00eb k\u00ebshtjell\u00ebn e pamposhtur t\u00eb opozit\u00ebs. E shnd\u00ebrroi parlamentin n\u00eb k\u00ebshtjell\u00ebn e q\u00ebndres\u00ebs, n\u00eb k\u00ebshtjell\u00ebn e fitores\u201d, tha ai.<\/p>\n\n<div style=\"font-size: 0px; height: 0px; line-height: 0px; margin: 0; padding: 0; clear: both;\"><\/div>","protected":false},"excerpt":{"rendered":"<p>Sali Berisha ka reaguar pas pretendimit t\u00eb PD se nj\u00eb efektiv i FNSH nxori arm\u00ebn ndaj deputet\u00ebve gjat\u00eb p\u00ebrplasjeve n\u00eb oborrin e kuvendit dit\u00ebn e sotme. Teksa&#8230; <\/p>\n","protected":false},"author":1,"featured_media":22014,"comment_status":"open","ping_status":"open","sticky":false,"template":"","format":"standard","meta":{"footnotes":""},"categories":[6],"tags":[],"class_list":["post-22013","post","type-post","status-publish","format-standard","has-post-thumbnail","hentry","category-lajme"],"_links":{"self":[{"href":"https:\/\/new.findnews5.com\/index.php?rest_route=\/wp\/v2\/posts\/22013","targetHints":{"allow":["GET"]}}],"collection":[{"href":"https:\/\/new.findnews5.com\/index.php?rest_route=\/wp\/v2\/posts"}],"about":[{"href":"https:\/\/new.findnews5.com\/index.php?rest_route=\/wp\/v2\/types\/post"}],"author":[{"embeddable":true,"href":"https:\/\/new.findnews5.com\/index.php?rest_route=\/wp\/v2\/users\/1"}],"replies":[{"embeddable":true,"href":"https:\/\/new.findnews5.com\/index.php?rest_route=%2Fwp%2Fv2%2Fcomments&post=22013"}],"version-history":[{"count":0,"href":"https:\/\/new.findnews5.com\/index.php?rest_route=\/wp\/v2\/posts\/22013\/revisions"}],"wp:featuredmedia":[{"embeddable":true,"href":"https:\/\/new.findnews5.com\/index.php?rest_route=\/wp\/v2\/media\/22014"}],"wp:attachment":[{"href":"https:\/\/new.findnews5.com\/index.php?rest_route=%2Fwp%2Fv2%2Fmedia&parent=22013"}],"wp:term":[{"taxonomy":"category","embeddable":true,"href":"https:\/\/new.findnews5.com\/index.php?rest_route=%2Fwp%2Fv2%2Fcategories&post=22013"},{"taxonomy":"post_tag","embeddable":true,"href":"https:\/\/new.findnews5.com\/index.php?rest_route=%2Fwp%2Fv2%2Ftags&post=22013"}],"curies":[{"name":"wp","href":"https:\/\/api.w.org\/{rel}","templated":true}]}}