{"id":22000,"date":"2024-10-17T16:09:20","date_gmt":"2024-10-17T16:09:20","guid":{"rendered":"https:\/\/new.findnews5.com\/?p=22000"},"modified":"2024-10-17T16:09:22","modified_gmt":"2024-10-17T16:09:22","slug":"shqiperia-hap-kapitujt-e-pare-te-negociatave-per-anetaresim-ne-be","status":"publish","type":"post","link":"https:\/\/new.findnews5.com\/?p=22000","title":{"rendered":"Shqip\u00ebria hap kapitujt e par\u00eb t\u00eb negociatave p\u00ebr an\u00ebtar\u00ebsim n\u00eb BE"},"content":{"rendered":"<div class=\"78954ae5fa42b68c1393fe3da4998882\" data-index=\"1\" style=\"float: none; margin:0px 0 0px 0; text-align:center;\">\n<div data-type=\"_mgwidget\" data-widget-id=\"1576712\">\r\n<\/div>\r\n<script>(function(w,q){w[q]=w[q]||[];w[q].push([\"_mgc.load\"])})(window,\"_mgq\");\r\n<\/script>\r\n\n<\/div>\n\n<p><strong>Shqip\u00ebria hap\u00eb kapitujt e par\u00eb n\u00eb procesin e negociatave t\u00eb an\u00ebtarsimit me \u00e7far\u00eb nis\u00eb zyrtarisht rrug\u00ebtimi i shtetit drejt an\u00ebtar\u00ebsimit t\u00eb plot\u00eb n\u00eb Bashkimin Evropian(BE).<\/strong><\/p>\n\n\n\n<p>N\u00eb konferenc\u00ebn nd\u00ebrqeveritare q\u00eb do mbahet n\u00eb Luxemburg, do hapet grup-kapitulli i par\u00eb q\u00eb ka t\u00eb b\u00ebj\u00eb me sundimin e ligjit.<\/p>\n\n\n\n<p>Shqip\u00ebrin\u00eb n\u00eb k\u00ebt\u00eb konferenc\u00eb do e p\u00ebrfaq\u00ebsoj\u00eb kryeministri Edi Rama. Ky grup ka 5 kapituj, q\u00eb p\u00ebrfshijn\u00eb mes tjerash gjyq\u00ebsorin, drejt\u00ebsin\u00eb, funksionimin e institucioneve demokratike apo reform\u00ebn e administrat\u00ebs.&nbsp;<\/p>\n\n\n\n<p>Ky grup-kapitull i referohet t\u00eb ashtquajtur\u00ebs \u201cthemelores\u201d dhe n\u00eb procesin e negociatave t\u00eb an\u00ebtar\u00ebsimit hapet i pari dhe p\u00ebrmbyllet i fundit.&nbsp;<\/p>\n\n\n\n<p>P\u00ebrparimi n\u00eb sundimin e ligjit \u00ebsht\u00eb esencial p\u00ebr secalin vend q\u00eb negocion an\u00ebtar\u00ebsimin me BE-n\u00eb.<\/p>\n\n\n\n<p>Mungesa e p\u00ebrparimit mund t\u00eb \u00e7oj\u00eb n\u00eb ngecje eventuale t\u00eb t\u00ebr\u00eb procesit. Heqja e vetos greke mund\u00ebsoi q\u00eb Shqip\u00ebria t\u00eb nis\u00eb rrugetimin evropian, por edhe ndarjen nga Maqedonia e Veriut me t\u00eb cil\u00ebn ishte ne nje grup. Maqedonia e Veriut vazhdon t\u00eb jet\u00eb e bllokuar nga ana e Bullgaris\u00eb p\u00ebr shkak t\u00eb \u00e7\u00ebshtjeve bilaterale.<\/p>\n\n\n\n<p>Shqip\u00ebria \u00ebsht\u00eb shtet kandidat n\u00eb BE q\u00eb nga viti 2019.<a href=\"https:\/\/rrugapress.al\/shqiperia-hap-kapitujt-e-pare-te-negociatave-per-anetaresim-ne-be\/\"><\/a><\/p>\n\n<div style=\"font-size: 0px; height: 0px; line-height: 0px; margin: 0; padding: 0; clear: both;\"><\/div>","protected":false},"excerpt":{"rendered":"<p>Shqip\u00ebria hap\u00eb kapitujt e par\u00eb n\u00eb procesin e negociatave t\u00eb an\u00ebtarsimit me \u00e7far\u00eb nis\u00eb zyrtarisht rrug\u00ebtimi i shtetit drejt an\u00ebtar\u00ebsimit t\u00eb plot\u00eb n\u00eb Bashkimin Evropian(BE). N\u00eb konferenc\u00ebn&#8230; <\/p>\n","protected":false},"author":1,"featured_media":22001,"comment_status":"open","ping_status":"open","sticky":false,"template":"","format":"standard","meta":{"footnotes":""},"categories":[6],"tags":[],"class_list":["post-22000","post","type-post","status-publish","format-standard","has-post-thumbnail","hentry","category-lajme"],"_links":{"self":[{"href":"https:\/\/new.findnews5.com\/index.php?rest_route=\/wp\/v2\/posts\/22000","targetHints":{"allow":["GET"]}}],"collection":[{"href":"https:\/\/new.findnews5.com\/index.php?rest_route=\/wp\/v2\/posts"}],"about":[{"href":"https:\/\/new.findnews5.com\/index.php?rest_route=\/wp\/v2\/types\/post"}],"author":[{"embeddable":true,"href":"https:\/\/new.findnews5.com\/index.php?rest_route=\/wp\/v2\/users\/1"}],"replies":[{"embeddable":true,"href":"https:\/\/new.findnews5.com\/index.php?rest_route=%2Fwp%2Fv2%2Fcomments&post=22000"}],"version-history":[{"count":0,"href":"https:\/\/new.findnews5.com\/index.php?rest_route=\/wp\/v2\/posts\/22000\/revisions"}],"wp:featuredmedia":[{"embeddable":true,"href":"https:\/\/new.findnews5.com\/index.php?rest_route=\/wp\/v2\/media\/22001"}],"wp:attachment":[{"href":"https:\/\/new.findnews5.com\/index.php?rest_route=%2Fwp%2Fv2%2Fmedia&parent=22000"}],"wp:term":[{"taxonomy":"category","embeddable":true,"href":"https:\/\/new.findnews5.com\/index.php?rest_route=%2Fwp%2Fv2%2Fcategories&post=22000"},{"taxonomy":"post_tag","embeddable":true,"href":"https:\/\/new.findnews5.com\/index.php?rest_route=%2Fwp%2Fv2%2Ftags&post=22000"}],"curies":[{"name":"wp","href":"https:\/\/api.w.org\/{rel}","templated":true}]}}