{"id":21972,"date":"2024-10-16T17:36:53","date_gmt":"2024-10-16T17:36:53","guid":{"rendered":"https:\/\/new.findnews5.com\/?p=21972"},"modified":"2024-10-16T17:36:55","modified_gmt":"2024-10-16T17:36:55","slug":"ja-si-mund-te-aplikoni-per-subvencionim-te-fatures-se-rrymes","status":"publish","type":"post","link":"https:\/\/new.findnews5.com\/?p=21972","title":{"rendered":"Ja si mund t\u00eb aplikoni p\u00ebr subvencionim t\u00eb fatur\u00ebs s\u00eb rrym\u00ebs"},"content":{"rendered":"<div class=\"78954ae5fa42b68c1393fe3da4998882\" data-index=\"1\" style=\"float: none; margin:0px 0 0px 0; text-align:center;\">\n<div data-type=\"_mgwidget\" data-widget-id=\"1576712\">\r\n<\/div>\r\n<script>(function(w,q){w[q]=w[q]||[];w[q].push([\"_mgc.load\"])})(window,\"_mgq\");\r\n<\/script>\r\n\n<\/div>\n\n<p><strong>Ministri i Financave, Hekuran Murati, ka njoftuar se \u00ebsht\u00eb hapur aplikimi p\u00ebr Programin e Subvencionimit t\u00eb Energjis\u00eb Elektrike p\u00ebr Konsumator\u00ebt e Cenuesh\u00ebm.<\/strong><\/p>\n\n\n\n<p>Murati ka th\u00ebn\u00eb se t\u00eb drejt\u00eb aplikimi kan\u00eb t\u00eb gjitha familjet rezidente n\u00eb Kosov\u00eb, dhe q\u00eb plot\u00ebsojn\u00eb disa kushte, shkruan Gazeta Imazhi. \u2013&nbsp;<a href=\"https:\/\/gazetaimazhi.com\/hapet-aplikimi-per-subvencionim-te-fatures-se-rrymes-ja-kush-ka-te-drejte-te-aplikoje\/\">K\u00cbTO JAN\u00cb KUSHTET<\/a><\/p>\n\n\n\n<p>\u201cAplikimi mund t\u00eb b\u00ebhet n\u00eb eKosova, tek sh\u00ebrbimi \u201cGrante dhe subvencione\u201d, dhe do t\u00eb jet\u00eb i hapur n\u00eb vazhdim\u00ebsi p\u00ebrgjat\u00eb programit. &nbsp;N\u00eb m\u00ebnyr\u00eb q\u00eb t\u00eb p\u00ebrfitoni q\u00eb nga muaji i par\u00eb, duhet t\u00eb aplikoni m\u00eb s\u00eb largu deri m\u00eb 31 tetor. Aplikimet q\u00eb b\u00ebhen pas fundit t\u00eb muajit, mund t\u00eb p\u00ebrfitojn\u00eb vet\u00ebm nga muaji pasues e tutje.\u201d \/Gazeta Imazhi\/<\/p>\n\n\n\n<p><strong><a href=\"https:\/\/ekosova.rks-gov.net\/Service\/32\">Linkun e keni K\u00cbTU<\/a><\/strong><\/p>\n\n<div style=\"font-size: 0px; height: 0px; line-height: 0px; margin: 0; padding: 0; clear: both;\"><\/div>","protected":false},"excerpt":{"rendered":"<p>Ministri i Financave, Hekuran Murati, ka njoftuar se \u00ebsht\u00eb hapur aplikimi p\u00ebr Programin e Subvencionimit t\u00eb Energjis\u00eb Elektrike p\u00ebr Konsumator\u00ebt e Cenuesh\u00ebm. Murati ka th\u00ebn\u00eb se t\u00eb&#8230; <\/p>\n","protected":false},"author":1,"featured_media":21973,"comment_status":"open","ping_status":"open","sticky":false,"template":"","format":"standard","meta":{"footnotes":""},"categories":[6],"tags":[],"class_list":["post-21972","post","type-post","status-publish","format-standard","has-post-thumbnail","hentry","category-lajme"],"_links":{"self":[{"href":"https:\/\/new.findnews5.com\/index.php?rest_route=\/wp\/v2\/posts\/21972","targetHints":{"allow":["GET"]}}],"collection":[{"href":"https:\/\/new.findnews5.com\/index.php?rest_route=\/wp\/v2\/posts"}],"about":[{"href":"https:\/\/new.findnews5.com\/index.php?rest_route=\/wp\/v2\/types\/post"}],"author":[{"embeddable":true,"href":"https:\/\/new.findnews5.com\/index.php?rest_route=\/wp\/v2\/users\/1"}],"replies":[{"embeddable":true,"href":"https:\/\/new.findnews5.com\/index.php?rest_route=%2Fwp%2Fv2%2Fcomments&post=21972"}],"version-history":[{"count":0,"href":"https:\/\/new.findnews5.com\/index.php?rest_route=\/wp\/v2\/posts\/21972\/revisions"}],"wp:featuredmedia":[{"embeddable":true,"href":"https:\/\/new.findnews5.com\/index.php?rest_route=\/wp\/v2\/media\/21973"}],"wp:attachment":[{"href":"https:\/\/new.findnews5.com\/index.php?rest_route=%2Fwp%2Fv2%2Fmedia&parent=21972"}],"wp:term":[{"taxonomy":"category","embeddable":true,"href":"https:\/\/new.findnews5.com\/index.php?rest_route=%2Fwp%2Fv2%2Fcategories&post=21972"},{"taxonomy":"post_tag","embeddable":true,"href":"https:\/\/new.findnews5.com\/index.php?rest_route=%2Fwp%2Fv2%2Ftags&post=21972"}],"curies":[{"name":"wp","href":"https:\/\/api.w.org\/{rel}","templated":true}]}}