{"id":21957,"date":"2024-10-15T20:31:38","date_gmt":"2024-10-15T20:31:38","guid":{"rendered":"https:\/\/new.findnews5.com\/?p=21957"},"modified":"2024-10-15T20:31:42","modified_gmt":"2024-10-15T20:31:42","slug":"kaq-keq-qenka-katandisur-shoqeria-shqiptare-sa-i-uron-dicka-te-tille-nje-gruaje-shtatzene","status":"publish","type":"post","link":"https:\/\/new.findnews5.com\/?p=21957","title":{"rendered":"Kaq keq qenka katandisur shoq\u00ebria shqiptare, sa i uron di\u00e7ka t\u00eb till\u00eb nj\u00eb gruaje shtatz\u00ebn\u00eb?"},"content":{"rendered":"<div class=\"78954ae5fa42b68c1393fe3da4998882\" data-index=\"1\" style=\"float: none; margin:0px 0 0px 0; text-align:center;\">\n<div data-type=\"_mgwidget\" data-widget-id=\"1576712\">\r\n<\/div>\r\n<script>(function(w,q){w[q]=w[q]||[];w[q].push([\"_mgc.load\"])})(window,\"_mgq\");\r\n<\/script>\r\n\n<\/div>\n\n<p>Sara Gjordeni ka hyr\u00eb n\u00eb muajin e tet\u00eb t\u00eb shtatz\u00ebnis\u00eb s\u00eb saj dhe rreth dat\u00ebs 20 dhjetor pritet q\u00eb bebi t\u00eb vij\u00eb n\u00eb jet\u00eb.<\/p>\n\n\n\n<p>Lajmin e dha vet\u00eb ish-banorja e \u201cBig Brother VIP\u201d teksa ishte e ftuar mbr\u00ebmjen e djeshme n\u00eb studion e \u201cGoca &amp; Gra\u201d, aty ku foli jo pak p\u00ebr jet\u00ebn e saj personale.<\/p>\n\n\n\n<p>Sara ndau n\u00eb studio edhe nj\u00eb koment mjaft t\u00eb r\u00ebnd\u00eb q\u00eb nj\u00eb ndjek\u00ebs i kishte shkruar asaj.<\/p>\n\n\n\n<p>\u201cUrojm\u00eb q\u00eb t\u2019i lexosh t\u00eb gjitha komentet tona dhe t\u00eb shqet\u00ebsohesh aq shum\u00eb sa f\u00ebmija jot t\u00eb dal\u00eb me probleme\u201d, ishte komenti q\u00eb Sara kishte marr\u00eb nga nj\u00eb ndjek\u00ebs, nd\u00ebrsa vajzat e panelit mbet\u00ebn t\u00eb shokuara.<\/p>\n\n\n\n<p>Video Player<video width=\"608\" height=\"1080\" preload=\"metadata\" src=\"https:\/\/lokimagazine.com\/wp-content\/uploads\/2024\/10\/instagram-1728825756124.mp4?_=1\"><\/video><\/p>\n\n<div style=\"font-size: 0px; height: 0px; line-height: 0px; margin: 0; padding: 0; clear: both;\"><\/div>","protected":false},"excerpt":{"rendered":"<p>Sara Gjordeni ka hyr\u00eb n\u00eb muajin e tet\u00eb t\u00eb shtatz\u00ebnis\u00eb s\u00eb saj dhe rreth dat\u00ebs 20 dhjetor pritet q\u00eb bebi t\u00eb vij\u00eb n\u00eb jet\u00eb. Lajmin e dha&#8230; <\/p>\n","protected":false},"author":1,"featured_media":21958,"comment_status":"open","ping_status":"open","sticky":false,"template":"","format":"standard","meta":{"footnotes":""},"categories":[6],"tags":[],"class_list":["post-21957","post","type-post","status-publish","format-standard","has-post-thumbnail","hentry","category-lajme"],"_links":{"self":[{"href":"https:\/\/new.findnews5.com\/index.php?rest_route=\/wp\/v2\/posts\/21957","targetHints":{"allow":["GET"]}}],"collection":[{"href":"https:\/\/new.findnews5.com\/index.php?rest_route=\/wp\/v2\/posts"}],"about":[{"href":"https:\/\/new.findnews5.com\/index.php?rest_route=\/wp\/v2\/types\/post"}],"author":[{"embeddable":true,"href":"https:\/\/new.findnews5.com\/index.php?rest_route=\/wp\/v2\/users\/1"}],"replies":[{"embeddable":true,"href":"https:\/\/new.findnews5.com\/index.php?rest_route=%2Fwp%2Fv2%2Fcomments&post=21957"}],"version-history":[{"count":0,"href":"https:\/\/new.findnews5.com\/index.php?rest_route=\/wp\/v2\/posts\/21957\/revisions"}],"wp:featuredmedia":[{"embeddable":true,"href":"https:\/\/new.findnews5.com\/index.php?rest_route=\/wp\/v2\/media\/21958"}],"wp:attachment":[{"href":"https:\/\/new.findnews5.com\/index.php?rest_route=%2Fwp%2Fv2%2Fmedia&parent=21957"}],"wp:term":[{"taxonomy":"category","embeddable":true,"href":"https:\/\/new.findnews5.com\/index.php?rest_route=%2Fwp%2Fv2%2Fcategories&post=21957"},{"taxonomy":"post_tag","embeddable":true,"href":"https:\/\/new.findnews5.com\/index.php?rest_route=%2Fwp%2Fv2%2Ftags&post=21957"}],"curies":[{"name":"wp","href":"https:\/\/api.w.org\/{rel}","templated":true}]}}