{"id":21954,"date":"2024-10-15T20:28:21","date_gmt":"2024-10-15T20:28:21","guid":{"rendered":"https:\/\/new.findnews5.com\/?p=21954"},"modified":"2024-10-15T20:28:25","modified_gmt":"2024-10-15T20:28:25","slug":"denimi-me-nje-vit-burg-heidi-baci-ka-dy-fjale-per-luiz-ejllin","status":"publish","type":"post","link":"https:\/\/new.findnews5.com\/?p=21954","title":{"rendered":"D\u00ebnimi me nj\u00eb vit burg, Heidi Baci ka dy fjal\u00eb p\u00ebr Luiz Ejllin"},"content":{"rendered":"<div class=\"78954ae5fa42b68c1393fe3da4998882\" data-index=\"1\" style=\"float: none; margin:0px 0 0px 0; text-align:center;\">\n<div data-type=\"_mgwidget\" data-widget-id=\"1576712\">\r\n<\/div>\r\n<script>(function(w,q){w[q]=w[q]||[];w[q].push([\"_mgc.load\"])})(window,\"_mgq\");\r\n<\/script>\r\n\n<\/div>\n\n<p>N\u00eb puntat\u00ebn e djeshme t\u00eb emisionit \u201cGoca &amp; Gra\u201d, u komentua edhe rasti i k\u00ebng\u00ebtarit Luiz Ejlli, p\u00ebr t\u00eb cilin pak dit\u00eb m\u00eb par\u00eb u njoftua se \u00ebsht\u00eb d\u00ebnuar me nj\u00eb vit burg p\u00ebr falsifikim dokumentash.<\/p>\n\n\n\n<p>Ishte Egla Ceno ajo q\u00eb si fillim e preku k\u00ebt\u00eb tem\u00eb delikate duke th\u00ebn\u00eb se \u201c<em>\u00ebsht\u00eb ngjarje trondit\u00ebse p\u00ebr rrjetin dhe p\u00ebr ndjek\u00ebsat\u201d.<\/em><\/p>\n\n\n\n<p>M\u00eb tej, vajzat e panelit treguan m\u00eb shum\u00eb detaje p\u00ebr rastin duke th\u00ebn\u00eb se \u201c<em>personi t\u00eb cilit Luizi i justifikoi pasurin\u00eb, ka patur precedent t\u00eb r\u00ebnd\u00eb penale t\u00eb m\u00ebparshme dhe nuk \u00ebsht\u00eb nj\u00eb rast i leht\u00eb p\u00ebr t\u2019u kaluar\u201d.<\/em><\/p>\n\n\n\n<p>K\u00ebtu nd\u00ebrhyn Heidi Baci, e cila thot\u00eb:<\/p>\n\n\n\n<p>\u201c<em>Akuza \u00ebsht\u00eb agravuar nga fakti q\u00eb dokumenti i falsifikuar ndoshta n\u00ebse \u00ebsht\u00eb, \u00ebsht\u00eb p\u00ebr nj\u00eb person q\u00eb teorikisht ka pastruar lek\u00ebt. K\u00ebt\u00eb gj\u00eb ne nuk e dim\u00eb. Nuk e dim\u00eb n\u00ebse ai (Luizi) e dinte v\u00ebrtet nga vinin k\u00ebto lek ose p\u00ebr \u00e7far\u00eb e ka falsifikuar\u201d.<\/em><\/p>\n\n\n\n<p>Video Player<video width=\"360\" height=\"450\" preload=\"metadata\" src=\"https:\/\/lokimagazine.com\/wp-content\/uploads\/2024\/10\/InShot_20241013_190644377.mp4?_=1\"><\/video><\/p>\n\n<div style=\"font-size: 0px; height: 0px; line-height: 0px; margin: 0; padding: 0; clear: both;\"><\/div>","protected":false},"excerpt":{"rendered":"<p>N\u00eb puntat\u00ebn e djeshme t\u00eb emisionit \u201cGoca &amp; Gra\u201d, u komentua edhe rasti i k\u00ebng\u00ebtarit Luiz Ejlli, p\u00ebr t\u00eb cilin pak dit\u00eb m\u00eb par\u00eb u njoftua se&#8230; <\/p>\n","protected":false},"author":1,"featured_media":21955,"comment_status":"open","ping_status":"open","sticky":false,"template":"","format":"standard","meta":{"footnotes":""},"categories":[6],"tags":[],"class_list":["post-21954","post","type-post","status-publish","format-standard","has-post-thumbnail","hentry","category-lajme"],"_links":{"self":[{"href":"https:\/\/new.findnews5.com\/index.php?rest_route=\/wp\/v2\/posts\/21954","targetHints":{"allow":["GET"]}}],"collection":[{"href":"https:\/\/new.findnews5.com\/index.php?rest_route=\/wp\/v2\/posts"}],"about":[{"href":"https:\/\/new.findnews5.com\/index.php?rest_route=\/wp\/v2\/types\/post"}],"author":[{"embeddable":true,"href":"https:\/\/new.findnews5.com\/index.php?rest_route=\/wp\/v2\/users\/1"}],"replies":[{"embeddable":true,"href":"https:\/\/new.findnews5.com\/index.php?rest_route=%2Fwp%2Fv2%2Fcomments&post=21954"}],"version-history":[{"count":0,"href":"https:\/\/new.findnews5.com\/index.php?rest_route=\/wp\/v2\/posts\/21954\/revisions"}],"wp:featuredmedia":[{"embeddable":true,"href":"https:\/\/new.findnews5.com\/index.php?rest_route=\/wp\/v2\/media\/21955"}],"wp:attachment":[{"href":"https:\/\/new.findnews5.com\/index.php?rest_route=%2Fwp%2Fv2%2Fmedia&parent=21954"}],"wp:term":[{"taxonomy":"category","embeddable":true,"href":"https:\/\/new.findnews5.com\/index.php?rest_route=%2Fwp%2Fv2%2Fcategories&post=21954"},{"taxonomy":"post_tag","embeddable":true,"href":"https:\/\/new.findnews5.com\/index.php?rest_route=%2Fwp%2Fv2%2Ftags&post=21954"}],"curies":[{"name":"wp","href":"https:\/\/api.w.org\/{rel}","templated":true}]}}