{"id":21951,"date":"2024-10-15T20:21:02","date_gmt":"2024-10-15T20:21:02","guid":{"rendered":"https:\/\/new.findnews5.com\/?p=21951"},"modified":"2024-10-15T20:21:08","modified_gmt":"2024-10-15T20:21:08","slug":"iu-qft-nona-luiz-ejlli-shperthen-ndaj-dea-mishel-pasi-blogerja-e-ofendoi-mbreme","status":"publish","type":"post","link":"https:\/\/new.findnews5.com\/?p=21951","title":{"rendered":"\u201cIu q*ft nona\u201d- Luiz Ejlli shp\u00ebrthen ndaj Dea Mishel pasi blogerja e ofendoi mbr\u00ebm\u00eb"},"content":{"rendered":"<div class=\"78954ae5fa42b68c1393fe3da4998882\" data-index=\"1\" style=\"float: none; margin:0px 0 0px 0; text-align:center;\">\n<div data-type=\"_mgwidget\" data-widget-id=\"1576712\">\r\n<\/div>\r\n<script>(function(w,q){w[q]=w[q]||[];w[q].push([\"_mgc.load\"])})(window,\"_mgq\");\r\n<\/script>\r\n\n<\/div>\n\n<p>Mbr\u00ebmjem e djeshme Dea Mishel b\u00ebri nj\u00eb reagim p\u00ebrsa i p\u00ebrket d\u00ebnimit me nj\u00eb vit burg t\u00eb k\u00ebng\u00ebtarit Luiz Ejlli.<\/p>\n\n\n\n<p>N\u00eb nj\u00eb postim n\u00eb InstaStory, pasi shp\u00ebrndau lajmin ku thuhej se fituesi i \u201cBig Brother VIP Albania\u201d \u00ebsht\u00eb d\u00ebnuar me nj\u00eb vit burg, blogerja shkroi:<\/p>\n\n\n\n<p>\u201c<em>Thon\u00eb shokun zgjidhe m\u00eb t\u00eb mir\u00eb se vetja. Jam kurioze kush nga k\u00ebta zgjodhi k\u00eb? Pr*stitucioni apo falsifikimi<\/em>\u201c.<\/p>\n\n\n\n<p>Mir\u00ebpo nuk ka vonuar shum\u00eb dhe Luiz Ejlli i ka reaguar deklarat\u00ebs s\u00eb blogeres, po ashtu n\u00ebp\u00ebrmjet nj\u00eb postimi n\u00eb InstaStory.<\/p>\n\n\n\n<p>Ai ka postuar nj\u00eb pjes\u00eb k\u00ebng\u00eb q\u00eb thot\u00eb: \u201cKush<em>&nbsp;na ka inatin, iu q*ft nona\u201d,<\/em>&nbsp;duke shkruar m\u00eb pas: \u201cPo ma k\u00ebrkon me sezb\u00ebn ta k\u00ebndoj n\u00eb koncertin e rradh\u00ebs\u201d.<\/p>\n\n\n\n<p>Video Player<video width=\"788\" height=\"1751\" preload=\"metadata\" src=\"https:\/\/lokimagazine.com\/wp-content\/uploads\/2024\/10\/Screenrecorder-2024-10-14-10-32-31-779.mp4?_=1\"><\/video><\/p>\n\n\n\n<p>00:00<\/p>\n\n\n\n<p>00:14<\/p>\n\n\n\n<p>Kujtojm\u00eb se koh\u00eb m\u00eb par\u00eb, n\u00eb nj\u00eb koncert n\u00eb qytetin e Shkodr\u00ebs, Luizi p\u00ebrmendi deklarat\u00ebn e Dea Mishel, e cila tha se Shkodra ishte nj\u00eb provinc\u00eb e Shqip\u00ebris\u00eb. Ai tha se Shkodra nuk ishte provinc\u00eb, nd\u00ebrsa n\u00eb kor k\u00ebnduan vargjet \u201ckush na ka inatin iu q*** nona\u201d.<\/p>\n\n<div style=\"font-size: 0px; height: 0px; line-height: 0px; margin: 0; padding: 0; clear: both;\"><\/div>","protected":false},"excerpt":{"rendered":"<p>Mbr\u00ebmjem e djeshme Dea Mishel b\u00ebri nj\u00eb reagim p\u00ebrsa i p\u00ebrket d\u00ebnimit me nj\u00eb vit burg t\u00eb k\u00ebng\u00ebtarit Luiz Ejlli. N\u00eb nj\u00eb postim n\u00eb InstaStory, pasi shp\u00ebrndau&#8230; <\/p>\n","protected":false},"author":1,"featured_media":21952,"comment_status":"open","ping_status":"open","sticky":false,"template":"","format":"standard","meta":{"footnotes":""},"categories":[6],"tags":[],"class_list":["post-21951","post","type-post","status-publish","format-standard","has-post-thumbnail","hentry","category-lajme"],"_links":{"self":[{"href":"https:\/\/new.findnews5.com\/index.php?rest_route=\/wp\/v2\/posts\/21951","targetHints":{"allow":["GET"]}}],"collection":[{"href":"https:\/\/new.findnews5.com\/index.php?rest_route=\/wp\/v2\/posts"}],"about":[{"href":"https:\/\/new.findnews5.com\/index.php?rest_route=\/wp\/v2\/types\/post"}],"author":[{"embeddable":true,"href":"https:\/\/new.findnews5.com\/index.php?rest_route=\/wp\/v2\/users\/1"}],"replies":[{"embeddable":true,"href":"https:\/\/new.findnews5.com\/index.php?rest_route=%2Fwp%2Fv2%2Fcomments&post=21951"}],"version-history":[{"count":0,"href":"https:\/\/new.findnews5.com\/index.php?rest_route=\/wp\/v2\/posts\/21951\/revisions"}],"wp:featuredmedia":[{"embeddable":true,"href":"https:\/\/new.findnews5.com\/index.php?rest_route=\/wp\/v2\/media\/21952"}],"wp:attachment":[{"href":"https:\/\/new.findnews5.com\/index.php?rest_route=%2Fwp%2Fv2%2Fmedia&parent=21951"}],"wp:term":[{"taxonomy":"category","embeddable":true,"href":"https:\/\/new.findnews5.com\/index.php?rest_route=%2Fwp%2Fv2%2Fcategories&post=21951"},{"taxonomy":"post_tag","embeddable":true,"href":"https:\/\/new.findnews5.com\/index.php?rest_route=%2Fwp%2Fv2%2Ftags&post=21951"}],"curies":[{"name":"wp","href":"https:\/\/api.w.org\/{rel}","templated":true}]}}