{"id":21942,"date":"2024-10-15T20:14:58","date_gmt":"2024-10-15T20:14:58","guid":{"rendered":"https:\/\/new.findnews5.com\/?p=21942"},"modified":"2024-10-15T20:15:01","modified_gmt":"2024-10-15T20:15:01","slug":"thumbon-arbenita-ismajli-ne-lidhjen-me-feron-isha-une-burri","status":"publish","type":"post","link":"https:\/\/new.findnews5.com\/?p=21942","title":{"rendered":"Thumbon Arbenita Ismajli: N\u00eb lidhjen me Feron isha un\u00eb \u201cburri\u201d"},"content":{"rendered":"<div class=\"78954ae5fa42b68c1393fe3da4998882\" data-index=\"1\" style=\"float: none; margin:0px 0 0px 0; text-align:center;\">\n<div data-type=\"_mgwidget\" data-widget-id=\"1576712\">\r\n<\/div>\r\n<script>(function(w,q){w[q]=w[q]||[];w[q].push([\"_mgc.load\"])})(window,\"_mgq\");\r\n<\/script>\r\n\n<\/div>\n<p>Ndarja e Feros dhe modeles Arbenita Ismajli ka shkaktuar nj\u00eb buj\u00eb t\u00eb madhe n\u00eb rrjetet sociale dhe jo vet\u00ebm dhe sigurisht, nuk ka qen\u00eb aq paq\u00ebsore.<\/p>\n<p>Rishtazi, Arbenita ka publikuar nj\u00eb postim n\u00eb Instastory, ku pretendon se n\u00eb marr\u00ebdh\u00ebnien me Feron ishte ajo \u201cburri\u201d.<\/p>\n<div id=\"lokim-2019863054\" class=\"lokim-content\"><\/div>\n<p>\u201c<em>Dua ta provoj t\u00eb jem bashk\u00ebshorte p\u00ebrs\u00ebri; mendoj se her\u00ebn e kaluar isha un\u00eb burri\u201d<\/em>, u shpreh ajo.<\/p>\n<figure id=\"attachment_125596\" class=\"wp-caption aligncenter\" aria-describedby=\"caption-attachment-125596\"><img loading=\"lazy\" decoding=\"async\" class=\"size-full wp-image-125596 entered lazyloaded\" src=\"https:\/\/lokimagazine.com\/wp-content\/uploads\/2024\/10\/Screenshot_2024-10-14-13-52-17-905_com.android.chrome-edit.jpg\" sizes=\"auto, (max-width: 1034px) 100vw, 1034px\" srcset=\"https:\/\/lokimagazine.com\/wp-content\/uploads\/2024\/10\/Screenshot_2024-10-14-13-52-17-905_com.android.chrome-edit.jpg 1034w, https:\/\/lokimagazine.com\/wp-content\/uploads\/2024\/10\/Screenshot_2024-10-14-13-52-17-905_com.android.chrome-edit-269x300.jpg 269w, https:\/\/lokimagazine.com\/wp-content\/uploads\/2024\/10\/Screenshot_2024-10-14-13-52-17-905_com.android.chrome-edit-919x1024.jpg 919w, https:\/\/lokimagazine.com\/wp-content\/uploads\/2024\/10\/Screenshot_2024-10-14-13-52-17-905_com.android.chrome-edit-768x856.jpg 768w, https:\/\/lokimagazine.com\/wp-content\/uploads\/2024\/10\/Screenshot_2024-10-14-13-52-17-905_com.android.chrome-edit-150x167.jpg 150w, https:\/\/lokimagazine.com\/wp-content\/uploads\/2024\/10\/Screenshot_2024-10-14-13-52-17-905_com.android.chrome-edit-450x501.jpg 450w\" alt=\"\" width=\"1034\" height=\"1152\" data-lazy-srcset=\"https:\/\/lokimagazine.com\/wp-content\/uploads\/2024\/10\/Screenshot_2024-10-14-13-52-17-905_com.android.chrome-edit.jpg 1034w, https:\/\/lokimagazine.com\/wp-content\/uploads\/2024\/10\/Screenshot_2024-10-14-13-52-17-905_com.android.chrome-edit-269x300.jpg 269w, https:\/\/lokimagazine.com\/wp-content\/uploads\/2024\/10\/Screenshot_2024-10-14-13-52-17-905_com.android.chrome-edit-919x1024.jpg 919w, https:\/\/lokimagazine.com\/wp-content\/uploads\/2024\/10\/Screenshot_2024-10-14-13-52-17-905_com.android.chrome-edit-768x856.jpg 768w, https:\/\/lokimagazine.com\/wp-content\/uploads\/2024\/10\/Screenshot_2024-10-14-13-52-17-905_com.android.chrome-edit-150x167.jpg 150w, https:\/\/lokimagazine.com\/wp-content\/uploads\/2024\/10\/Screenshot_2024-10-14-13-52-17-905_com.android.chrome-edit-450x501.jpg 450w\" data-lazy-sizes=\"(max-width: 1034px) 100vw, 1034px\" data-lazy-src=\"https:\/\/lokimagazine.com\/wp-content\/uploads\/2024\/10\/Screenshot_2024-10-14-13-52-17-905_com.android.chrome-edit.jpg\" data-ll-status=\"loaded\" \/><figcaption id=\"caption-attachment-125596\" class=\"wp-caption-text\">Postimi i Arbenita Ismajlit<\/figcaption><\/figure>\n<p>Ish-\u00e7ifti nuk i ka kursyer deklaratat publike kund\u00ebr nj\u00ebri-tjetrit. Q\u00eb pas akuz\u00ebs p\u00ebr dhun\u00eb ndaj Arbenit\u00ebs, Fero ka shprehur se ka pasur probleme p\u00ebr takimin e tij me t\u00eb bij\u00ebn, Nin\u00ebn.<\/p>\n<div id=\"lokim-1498583906\" class=\"lokim-content_2\"><\/div>\n<p>M\u00eb pas, pasi ish-reperi e b\u00ebri publik rastin dhe pretendoi se \u201ce bija ishte rr\u00ebmbyer\u201d, gjykata e Gjilanit i dha t\u00eb drejt\u00ebn p\u00ebr kujdestarin\u00eb 1-vje\u00e7are t\u00eb vog\u00eblushes Nina.<\/p>\n\n<div style=\"font-size: 0px; height: 0px; line-height: 0px; margin: 0; padding: 0; clear: both;\"><\/div>","protected":false},"excerpt":{"rendered":"<p>Ndarja e Feros dhe modeles Arbenita Ismajli ka shkaktuar nj\u00eb buj\u00eb t\u00eb madhe n\u00eb rrjetet sociale dhe jo vet\u00ebm dhe sigurisht, nuk ka qen\u00eb aq paq\u00ebsore. Rishtazi,&#8230; <\/p>\n","protected":false},"author":1,"featured_media":21943,"comment_status":"open","ping_status":"open","sticky":false,"template":"","format":"standard","meta":{"footnotes":""},"categories":[6],"tags":[],"class_list":["post-21942","post","type-post","status-publish","format-standard","has-post-thumbnail","hentry","category-lajme"],"_links":{"self":[{"href":"https:\/\/new.findnews5.com\/index.php?rest_route=\/wp\/v2\/posts\/21942","targetHints":{"allow":["GET"]}}],"collection":[{"href":"https:\/\/new.findnews5.com\/index.php?rest_route=\/wp\/v2\/posts"}],"about":[{"href":"https:\/\/new.findnews5.com\/index.php?rest_route=\/wp\/v2\/types\/post"}],"author":[{"embeddable":true,"href":"https:\/\/new.findnews5.com\/index.php?rest_route=\/wp\/v2\/users\/1"}],"replies":[{"embeddable":true,"href":"https:\/\/new.findnews5.com\/index.php?rest_route=%2Fwp%2Fv2%2Fcomments&post=21942"}],"version-history":[{"count":0,"href":"https:\/\/new.findnews5.com\/index.php?rest_route=\/wp\/v2\/posts\/21942\/revisions"}],"wp:featuredmedia":[{"embeddable":true,"href":"https:\/\/new.findnews5.com\/index.php?rest_route=\/wp\/v2\/media\/21943"}],"wp:attachment":[{"href":"https:\/\/new.findnews5.com\/index.php?rest_route=%2Fwp%2Fv2%2Fmedia&parent=21942"}],"wp:term":[{"taxonomy":"category","embeddable":true,"href":"https:\/\/new.findnews5.com\/index.php?rest_route=%2Fwp%2Fv2%2Fcategories&post=21942"},{"taxonomy":"post_tag","embeddable":true,"href":"https:\/\/new.findnews5.com\/index.php?rest_route=%2Fwp%2Fv2%2Ftags&post=21942"}],"curies":[{"name":"wp","href":"https:\/\/api.w.org\/{rel}","templated":true}]}}