{"id":21939,"date":"2024-10-15T20:12:10","date_gmt":"2024-10-15T20:12:10","guid":{"rendered":"https:\/\/new.findnews5.com\/?p=21939"},"modified":"2024-10-15T20:12:14","modified_gmt":"2024-10-15T20:12:14","slug":"pronarja-shqiptare-ne-gjermani-ne-kafenene-time-nuk-lejohen-burrat","status":"publish","type":"post","link":"https:\/\/new.findnews5.com\/?p=21939","title":{"rendered":"Pronarja shqiptare n\u00eb Gjermani: \u2018N\u00eb kafenen\u00eb time nuk lejohen burrat\u2019"},"content":{"rendered":"<div class=\"78954ae5fa42b68c1393fe3da4998882\" data-index=\"1\" style=\"float: none; margin:0px 0 0px 0; text-align:center;\">\n<div data-type=\"_mgwidget\" data-widget-id=\"1576712\">\r\n<\/div>\r\n<script>(function(w,q){w[q]=w[q]||[];w[q].push([\"_mgc.load\"])})(window,\"_mgq\");\r\n<\/script>\r\n\n<\/div>\n<p>N\u00eb mosh\u00ebn 18-vje\u00e7are, Sumeja Zumberi realizoi nj\u00eb \u00ebnd\u00ebrr t\u00eb kahershme duke hapur kafenen\u00eb e saj.<\/p>\n<p>Ajo q\u00eb e b\u00ebn k\u00ebt\u00eb kafe unike \u00ebsht\u00eb koncepti i saj i pazakont\u00eb: hyrja \u00ebsht\u00eb ekskluzivisht p\u00ebr gra, nd\u00ebrsa burrat nuk lejohen t\u00eb q\u00ebndrojn\u00eb brenda.<\/p>\n<p>Kafeneja e saj, e quajtur \u201cBaresha,\u201d \u00ebsht\u00eb e para e k\u00ebtij lloji n\u00eb qytetin e Bremenit dhe ndodhet n\u00eb lagjen Gr\u00f6pelingen, nj\u00eb zon\u00eb ku mbi 60% e banor\u00ebve kan\u00eb prejardhje migrante. Sumeja thot\u00eb se ideja p\u00ebr k\u00ebt\u00eb biznes i lindi nga v\u00ebzhgimi i saj se kafenet\u00eb n\u00eb zon\u00eb frekuentoheshin kryesisht nga burra, dhe kjo ndonj\u00ebher\u00eb krijonte nj\u00eb atmosfer\u00eb t\u00eb pak\u00ebndshme p\u00ebr grat\u00eb.<\/p>\n<p>Q\u00eb nga hapja e kafenes\u00eb s\u00eb saj gjasht\u00eb jav\u00eb m\u00eb par\u00eb, koncepti ka shkaktuar debate t\u00eb shumta n\u00eb internet.<\/p>\n<p>Megjithat\u00eb, Sumeja mbetet e pal\u00ebkundur dhe thot\u00eb se \u00ebsht\u00eb e bindur se grat\u00eb ndihen m\u00eb t\u00eb lira dhe m\u00eb t\u00eb rehatshme n\u00eb ambientin q\u00eb ajo ka krijuar. \u201cSidomos ato q\u00eb kan\u00eb p\u00ebrvoja t\u00eb k\u00ebqija n\u00eb t\u00eb kaluar\u00ebn apo n\u00ebnat q\u00eb vijn\u00eb me f\u00ebmij\u00eb apo q\u00eb ushqejn\u00eb me gji,\u201d shpjegon ajo p\u00ebr gazet\u00ebn BILD.<\/p>\n<p>P\u00ebr burrat q\u00eb duan t\u00eb blejn\u00eb akullore, sh\u00ebrbimi ofrohet vet\u00ebm n\u00eb banak, por nuk mund t\u00eb q\u00ebndrojn\u00eb.<\/p>\n<p>Sumeja \u00ebsht\u00eb e mb\u00ebshtetur plot\u00ebsisht nga familja e saj, e cila ka m\u00eb shum\u00eb se 30 vite q\u00eb jeton n\u00eb Gjermani. Familja e saj, shqiptare nga Kosova, e ka ndihmuar q\u00eb \u00ebndrra e saj t\u00eb b\u00ebhet realitet. Babai i saj kujdeset p\u00ebr financat dhe sigurimet, nd\u00ebrsa n\u00ebna e ndihmon n\u00eb restorant.<\/p>\n<p>Kafeneja, me kapacitet p\u00ebr rreth 30 gra, ka pasur nj\u00eb fillim t\u00eb mbar\u00eb. \u201cDeri tani kam marr\u00eb vet\u00ebm reagime pozitive,\u201d thot\u00eb Sumeja me krenari. Nj\u00eb nga klientet e rregullta, q\u00eb shpesh shoq\u00ebrohet me miqt\u00eb dhe motrat, shpjegon se ndjen nj\u00eb atmosfer\u00eb m\u00eb t\u00eb sigurt dhe t\u00eb qet\u00eb n\u00eb k\u00ebt\u00eb ambient.<\/p>\n<p>\u201cBaresha\u201d p\u00ebrfaq\u00ebson m\u00eb shum\u00eb se nj\u00eb vend p\u00ebr t\u00eb pir\u00eb nj\u00eb kafe \u2013 \u00ebsht\u00eb nj\u00eb hap\u00ebsir\u00eb ku grat\u00eb mund t\u00eb ndihen t\u00eb sigurta dhe t\u00eb lira.<\/p>\n\n<div style=\"font-size: 0px; height: 0px; line-height: 0px; margin: 0; padding: 0; clear: both;\"><\/div>","protected":false},"excerpt":{"rendered":"<p>N\u00eb mosh\u00ebn 18-vje\u00e7are, Sumeja Zumberi realizoi nj\u00eb \u00ebnd\u00ebrr t\u00eb kahershme duke hapur kafenen\u00eb e saj. Ajo q\u00eb e b\u00ebn k\u00ebt\u00eb kafe unike \u00ebsht\u00eb koncepti i saj i&#8230; <\/p>\n","protected":false},"author":1,"featured_media":21940,"comment_status":"open","ping_status":"open","sticky":false,"template":"","format":"standard","meta":{"footnotes":""},"categories":[6],"tags":[],"class_list":["post-21939","post","type-post","status-publish","format-standard","has-post-thumbnail","hentry","category-lajme"],"_links":{"self":[{"href":"https:\/\/new.findnews5.com\/index.php?rest_route=\/wp\/v2\/posts\/21939","targetHints":{"allow":["GET"]}}],"collection":[{"href":"https:\/\/new.findnews5.com\/index.php?rest_route=\/wp\/v2\/posts"}],"about":[{"href":"https:\/\/new.findnews5.com\/index.php?rest_route=\/wp\/v2\/types\/post"}],"author":[{"embeddable":true,"href":"https:\/\/new.findnews5.com\/index.php?rest_route=\/wp\/v2\/users\/1"}],"replies":[{"embeddable":true,"href":"https:\/\/new.findnews5.com\/index.php?rest_route=%2Fwp%2Fv2%2Fcomments&post=21939"}],"version-history":[{"count":0,"href":"https:\/\/new.findnews5.com\/index.php?rest_route=\/wp\/v2\/posts\/21939\/revisions"}],"wp:featuredmedia":[{"embeddable":true,"href":"https:\/\/new.findnews5.com\/index.php?rest_route=\/wp\/v2\/media\/21940"}],"wp:attachment":[{"href":"https:\/\/new.findnews5.com\/index.php?rest_route=%2Fwp%2Fv2%2Fmedia&parent=21939"}],"wp:term":[{"taxonomy":"category","embeddable":true,"href":"https:\/\/new.findnews5.com\/index.php?rest_route=%2Fwp%2Fv2%2Fcategories&post=21939"},{"taxonomy":"post_tag","embeddable":true,"href":"https:\/\/new.findnews5.com\/index.php?rest_route=%2Fwp%2Fv2%2Ftags&post=21939"}],"curies":[{"name":"wp","href":"https:\/\/api.w.org\/{rel}","templated":true}]}}