{"id":21936,"date":"2024-10-15T20:09:29","date_gmt":"2024-10-15T20:09:29","guid":{"rendered":"https:\/\/new.findnews5.com\/?p=21936"},"modified":"2024-10-15T20:09:32","modified_gmt":"2024-10-15T20:09:32","slug":"rrjeti-po-zien-pse-erdogan-e-terhoqi-nga-fytyra-arber-hajdarin-video","status":"publish","type":"post","link":"https:\/\/new.findnews5.com\/?p=21936","title":{"rendered":"Rrjeti po zien: Pse Erdogan e t\u00ebrhoqi nga fytyra Arb\u00ebr Hajdarin (Video)"},"content":{"rendered":"<div class=\"78954ae5fa42b68c1393fe3da4998882\" data-index=\"1\" style=\"float: none; margin:0px 0 0px 0; text-align:center;\">\n<div data-type=\"_mgwidget\" data-widget-id=\"1576712\">\r\n<\/div>\r\n<script>(function(w,q){w[q]=w[q]||[];w[q].push([\"_mgc.load\"])})(window,\"_mgq\");\r\n<\/script>\r\n\n<\/div>\n\n<p>Pritja e gjat\u00eb e besimtar\u00ebve mysliman\u00eb p\u00ebr Xhamin\u00eb e Namazgjas\u00eb, n\u00eb Tiran\u00eb mori fund. Kryeministri Edi Rama dhe Presidenti Regep Tayp Erdogan pren\u00eb inaguruan disa dit\u00eb m\u00eb par\u00eb xhamin\u00eb m\u00eb t\u00eb madhe n\u00eb Ballkan.<\/p>\n\n\n\n<p>Shum\u00eb qytetar\u00eb k\u00ebrkuan t\u00eb b\u00ebnin foto me presidentin e Turqis\u00eb, nd\u00ebr ta ishte edhe drejtuesi i \u201cFundjav\u00ebs Ndryshe\u201d, Arb\u00ebr Hajdari.N\u00eb nj\u00eb video e cila qarkullon n\u00eb rrjet, Erdogan e p\u00ebrk\u00ebdhel Arb\u00ebr Hajdarin, i cili bisedon me presidentin turk.<\/p>\n\n<p>Kujtojm\u00eb se xhamia e nd\u00ebrtuar mbi 10 mij\u00eb metra katror\u00eb, themelet e t\u00eb cil\u00ebs u hodh\u00ebn n\u00eb 2015 u hap sot p\u00ebr t\u00eb gjith\u00eb besimtar\u00ebt mysliman\u00eb.Xhamia do i sh\u00ebrbej\u00eb 10 mij\u00eb besimtar\u00ebve dhe kujdestar do jet\u00eb kryemyftiu i Tiran\u00ebs, Bilal Teqja.<\/p>\n<!-- \/wp:post-content -->\n<iframe loading=\"lazy\" width=\"560\" height=\"315\" src=\"https:\/\/www.youtube.com\/embed\/eTyR6EgqZGU?si=mk5Ib_oOsnti3mAT\" title=\"YouTube video player\" frameborder=\"0\" allow=\"accelerometer; autoplay; clipboard-write; encrypted-media; gyroscope; picture-in-picture; web-share\" referrerpolicy=\"strict-origin-when-cross-origin\" allowfullscreen><\/iframe>\n<div style=\"font-size: 0px; height: 0px; line-height: 0px; margin: 0; padding: 0; clear: both;\"><\/div>","protected":false},"excerpt":{"rendered":"<p>Pritja e gjat\u00eb e besimtar\u00ebve mysliman\u00eb p\u00ebr Xhamin\u00eb e Namazgjas\u00eb, n\u00eb Tiran\u00eb mori fund. Kryeministri Edi Rama dhe Presidenti Regep Tayp Erdogan pren\u00eb inaguruan disa dit\u00eb m\u00eb&#8230; <\/p>\n","protected":false},"author":1,"featured_media":21937,"comment_status":"open","ping_status":"open","sticky":false,"template":"","format":"standard","meta":{"footnotes":""},"categories":[6],"tags":[],"class_list":["post-21936","post","type-post","status-publish","format-standard","has-post-thumbnail","hentry","category-lajme"],"_links":{"self":[{"href":"https:\/\/new.findnews5.com\/index.php?rest_route=\/wp\/v2\/posts\/21936","targetHints":{"allow":["GET"]}}],"collection":[{"href":"https:\/\/new.findnews5.com\/index.php?rest_route=\/wp\/v2\/posts"}],"about":[{"href":"https:\/\/new.findnews5.com\/index.php?rest_route=\/wp\/v2\/types\/post"}],"author":[{"embeddable":true,"href":"https:\/\/new.findnews5.com\/index.php?rest_route=\/wp\/v2\/users\/1"}],"replies":[{"embeddable":true,"href":"https:\/\/new.findnews5.com\/index.php?rest_route=%2Fwp%2Fv2%2Fcomments&post=21936"}],"version-history":[{"count":0,"href":"https:\/\/new.findnews5.com\/index.php?rest_route=\/wp\/v2\/posts\/21936\/revisions"}],"wp:featuredmedia":[{"embeddable":true,"href":"https:\/\/new.findnews5.com\/index.php?rest_route=\/wp\/v2\/media\/21937"}],"wp:attachment":[{"href":"https:\/\/new.findnews5.com\/index.php?rest_route=%2Fwp%2Fv2%2Fmedia&parent=21936"}],"wp:term":[{"taxonomy":"category","embeddable":true,"href":"https:\/\/new.findnews5.com\/index.php?rest_route=%2Fwp%2Fv2%2Fcategories&post=21936"},{"taxonomy":"post_tag","embeddable":true,"href":"https:\/\/new.findnews5.com\/index.php?rest_route=%2Fwp%2Fv2%2Ftags&post=21936"}],"curies":[{"name":"wp","href":"https:\/\/api.w.org\/{rel}","templated":true}]}}