{"id":21930,"date":"2024-10-15T19:34:52","date_gmt":"2024-10-15T19:34:52","guid":{"rendered":"https:\/\/new.findnews5.com\/?p=21930"},"modified":"2024-10-15T19:34:55","modified_gmt":"2024-10-15T19:34:55","slug":"fatma-naci-ka-dy-fjale-per-tiktok-eren-hati-e-cila-promovon-jeten-e-saj-luksoze","status":"publish","type":"post","link":"https:\/\/new.findnews5.com\/?p=21930","title":{"rendered":"Fatma Na\u00e7i ka dy fjal\u00eb p\u00ebr TikTok-eren Hati, e cila promovon jet\u00ebn e saj luksoze"},"content":{"rendered":"<div class=\"78954ae5fa42b68c1393fe3da4998882\" data-index=\"1\" style=\"float: none; margin:0px 0 0px 0; text-align:center;\">\n<div data-type=\"_mgwidget\" data-widget-id=\"1576712\">\r\n<\/div>\r\n<script>(function(w,q){w[q]=w[q]||[];w[q].push([\"_mgc.load\"])})(window,\"_mgq\");\r\n<\/script>\r\n\n<\/div>\n\n<p>Bashk\u00ebshortja e Elvis Na\u00e7it, Fatma, ishte e ftuar mbr\u00ebmjen e djeshme n\u00eb panelin e \u2018Goca dhe Gra\u2019. Nd\u00ebr t\u00eb tjera, Fatma u pyet nga moderatoret p\u00ebr vajzat besimtare me shami, t\u00eb cilat reklamojn\u00eb jet\u00ebn e luksit n\u00eb rrjetet sociale, si\u00e7 \u00ebsht\u00eb rasti i Hatit q\u00eb tashm\u00eb e njohin t\u00eb gjith\u00eb n\u00eb Tiktok.<\/p>\n\n\n\n<p>Fatma tha se n\u00eb fen\u00eb Islame nuk \u00ebsht\u00eb e ndaluar t\u00eb shijosh mir\u00ebsin\u00eb e k\u00ebsaj bote, nd\u00ebrsa tha se nuk e lejon as feja e as edukata t\u00eb paragjykoj\u00eb personin n\u00eb fjal\u00eb.<\/p>\n\n\n\n<p>-\u00c7\u2019q\u00ebndrim ke n\u00eb lidhje me vajzat q\u00eb p\u00ebrdorin rrjetet sociale, ve\u00e7an\u00ebrisht rastin Hati, vajzat me shami q\u00eb e p\u00ebrdorin p\u00ebr t\u00eb reklamuar jet\u00ebn e luksit.<\/p>\n\n\n\n<p>Fatma Na\u00e7i: N\u00eb parim n\u00eb fen\u00eb Islame nuk \u00ebsht\u00eb e ndaluar t\u00eb shijosh mir\u00ebsit\u00eb e k\u00ebsaj bote dhe bot\u00ebs tjet\u00ebr thot\u00eb Zoti. Zoti nuk i ka b\u00ebr\u00eb t\u00eb ndaluara, por m\u00ebnyra sesi k\u00ebrkon t\u00eb jesh e famshme, kjo nuk \u00ebsht\u00eb modeli m\u00eb i mir\u00eb p\u00ebr mendimin tim. Nuk kam t\u00eb drejt\u00eb ta paragjykoj, nuk ma lejon as feja as edukata.<\/p>\n\n\n\n<p>-A \u00ebsht\u00eb mburrja nj\u00eb m\u00ebkat n\u00eb Islam?<\/p>\n\n\n\n<p>Fatma Na\u00e7i: Nuk mund t\u00eb paragjykoj nj\u00eb nj\u00ebri, mendoj se po e b\u00ebn p\u00ebr marketing. Jam nj\u00eb ndjek\u00ebse e keqe e rrjeteve sociale, vajzat m\u00eb kan\u00eb th\u00ebn\u00eb \u00e7far\u00eb mendon ti dhe aty e kam marr\u00eb vesh.<\/p>\n\n<div style=\"font-size: 0px; height: 0px; line-height: 0px; margin: 0; padding: 0; clear: both;\"><\/div>","protected":false},"excerpt":{"rendered":"<p>Bashk\u00ebshortja e Elvis Na\u00e7it, Fatma, ishte e ftuar mbr\u00ebmjen e djeshme n\u00eb panelin e \u2018Goca dhe Gra\u2019. Nd\u00ebr t\u00eb tjera, Fatma u pyet nga moderatoret p\u00ebr vajzat&#8230; <\/p>\n","protected":false},"author":1,"featured_media":21931,"comment_status":"open","ping_status":"open","sticky":false,"template":"","format":"standard","meta":{"footnotes":""},"categories":[6],"tags":[],"class_list":["post-21930","post","type-post","status-publish","format-standard","has-post-thumbnail","hentry","category-lajme"],"_links":{"self":[{"href":"https:\/\/new.findnews5.com\/index.php?rest_route=\/wp\/v2\/posts\/21930","targetHints":{"allow":["GET"]}}],"collection":[{"href":"https:\/\/new.findnews5.com\/index.php?rest_route=\/wp\/v2\/posts"}],"about":[{"href":"https:\/\/new.findnews5.com\/index.php?rest_route=\/wp\/v2\/types\/post"}],"author":[{"embeddable":true,"href":"https:\/\/new.findnews5.com\/index.php?rest_route=\/wp\/v2\/users\/1"}],"replies":[{"embeddable":true,"href":"https:\/\/new.findnews5.com\/index.php?rest_route=%2Fwp%2Fv2%2Fcomments&post=21930"}],"version-history":[{"count":0,"href":"https:\/\/new.findnews5.com\/index.php?rest_route=\/wp\/v2\/posts\/21930\/revisions"}],"wp:featuredmedia":[{"embeddable":true,"href":"https:\/\/new.findnews5.com\/index.php?rest_route=\/wp\/v2\/media\/21931"}],"wp:attachment":[{"href":"https:\/\/new.findnews5.com\/index.php?rest_route=%2Fwp%2Fv2%2Fmedia&parent=21930"}],"wp:term":[{"taxonomy":"category","embeddable":true,"href":"https:\/\/new.findnews5.com\/index.php?rest_route=%2Fwp%2Fv2%2Fcategories&post=21930"},{"taxonomy":"post_tag","embeddable":true,"href":"https:\/\/new.findnews5.com\/index.php?rest_route=%2Fwp%2Fv2%2Ftags&post=21930"}],"curies":[{"name":"wp","href":"https:\/\/api.w.org\/{rel}","templated":true}]}}