{"id":21920,"date":"2024-10-15T17:45:11","date_gmt":"2024-10-15T17:45:11","guid":{"rendered":"https:\/\/new.findnews5.com\/?p=21920"},"modified":"2024-10-15T17:45:19","modified_gmt":"2024-10-15T17:45:19","slug":"haradinaj-per-kurtin-ai-eshte-spiun-i-serbise-e-la-ushtrine-pa-buke","status":"publish","type":"post","link":"https:\/\/new.findnews5.com\/?p=21920","title":{"rendered":"Haradinaj p\u00ebr Kurtin: Ai \u00ebsht\u00eb spiun i Serbis\u00eb, e la ushtrin\u00eb pa buk\u00eb"},"content":{"rendered":"<div class=\"78954ae5fa42b68c1393fe3da4998882\" data-index=\"1\" style=\"float: none; margin:0px 0 0px 0; text-align:center;\">\n<div data-type=\"_mgwidget\" data-widget-id=\"1576712\">\r\n<\/div>\r\n<script>(function(w,q){w[q]=w[q]||[];w[q].push([\"_mgc.load\"])})(window,\"_mgq\");\r\n<\/script>\r\n\n<\/div>\n\n<p>Kryetari i Aleanc\u00ebs p\u00ebr Ardhm\u00ebrin\u00eb e Kosov\u00ebs (AAK), Ramush Haradinaj gjat\u00eb fjalimit n\u00eb seanc\u00ebn e jasht\u00ebzakonshme p\u00ebr problemet me furnizim me ushqim n\u00eb FSK, ka hedhur akuza ndaj kryeministrit Albin Kurti duke e quajtur at\u00eb \u201cspiun t\u00eb Serbis\u00eb dhe tradhtar\u201d, pasi sipas tij, ai i ka l\u00ebn\u00eb ushtar\u00ebt pa buk\u00eb.<\/p>\n\n\n\n<p>\u201cNj\u00eb dit\u00eb k\u00ebtu i kam th\u00ebn\u00eb se ai \u00ebsht\u00eb spiun i Serbis\u00eb, [dhe] po \u00ebsht\u00eb spiun i Serbis\u00eb. Po- \u00ebsht\u00eb tradhtar ai njeri q\u00eb e le ushtrin\u00eb pa buk\u00eb. \u00c7ka tjet\u00ebr me i than\u00eb k\u00ebtij njeriu\u201d \u2013 ka deklaruar Haradinaj.<\/p>\n\n\n\n<p>Nd\u00ebr t\u00eb tjera, ai ka deklaruar se p\u00ebr gjendjen e krijuar do duhej t\u00eb merreshin masa urgjente dhe t\u00eb shkarkoheshin p\u00ebrgjegj\u00ebsit e k\u00ebsaj situate.<\/p>\n\n\n\n<p>\u201dK\u00ebshillin e Siguris\u00eb e kisha thirr\u00eb n\u00eb gjysm\u00eb t\u00eb nat\u00ebs. Shtat\u00eb veta i kisha \u00e7u n\u00eb sht\u00ebpi. Kam \u00e7u njer\u00ebz n\u00eb sht\u00ebpi p\u00ebr sene m\u00eb t\u00eb vogla se kjo. Shtab krize ish ba e s\u2019kish guxu ushtria e ushtari me nejt\u00eb pa ato q\u00eb i takojn\u00eb e pa ushqim\u201d, ka th\u00ebn\u00eb Haradinaj.<\/p>\n\n\n\n<p>Kjo seanc\u00eb \u00ebsht\u00eb thirrur nga Aleanca p\u00ebr Ardhm\u00ebrin\u00eb e Kosov\u00ebs (AAK) me 43 n\u00ebnshkrime t\u00eb deputet\u00ebve, me nj\u00eb rezolut\u00eb t\u00eb propozuar.<\/p>\n\n\n\n<p>\u201cPropozim Rezoluta \u00ebsht\u00eb e thjesht\u00eb: \u2018Kuvendi i Republik\u00ebs s\u00eb Kosov\u00ebs e obligon Qeverin\u00eb, Ministrin\u00eb e Mbrojtjes, q\u00eb me urgjenc\u00eb ta zgjidh\u00eb \u00e7\u00ebshtjen e furnizimit me ushqim si dhe me t\u00eb gjitha pajisjet tjera t\u00eb nevojshme\u2019. Nes\u00ebr Kuvendi do t\u00eb obligoj\u00eb Qeverin\u00eb t\u00eb zgjidh\u00eb k\u00ebt\u00eb \u00e7\u00ebshtje. P\u00ebr sqarim: ky draft i Rezolut\u00ebs mund t\u00eb plot\u00ebsohet nga deputet\u00ebt n\u00eb seanc\u00eb\u201d- ka njoftuar shefi i Grupit Parlamentar t\u00eb Aleanc\u00ebs p\u00ebr Ardhm\u00ebrin\u00eb e Kosov\u00ebs (AAK), Besnik Tahiri n\u00eb Facebook.<\/p>\n\n<div style=\"font-size: 0px; height: 0px; line-height: 0px; margin: 0; padding: 0; clear: both;\"><\/div>","protected":false},"excerpt":{"rendered":"<p>Kryetari i Aleanc\u00ebs p\u00ebr Ardhm\u00ebrin\u00eb e Kosov\u00ebs (AAK), Ramush Haradinaj gjat\u00eb fjalimit n\u00eb seanc\u00ebn e jasht\u00ebzakonshme p\u00ebr problemet me furnizim me ushqim n\u00eb FSK, ka hedhur akuza&#8230; <\/p>\n","protected":false},"author":1,"featured_media":21921,"comment_status":"open","ping_status":"open","sticky":false,"template":"","format":"standard","meta":{"footnotes":""},"categories":[6],"tags":[],"class_list":["post-21920","post","type-post","status-publish","format-standard","has-post-thumbnail","hentry","category-lajme"],"_links":{"self":[{"href":"https:\/\/new.findnews5.com\/index.php?rest_route=\/wp\/v2\/posts\/21920","targetHints":{"allow":["GET"]}}],"collection":[{"href":"https:\/\/new.findnews5.com\/index.php?rest_route=\/wp\/v2\/posts"}],"about":[{"href":"https:\/\/new.findnews5.com\/index.php?rest_route=\/wp\/v2\/types\/post"}],"author":[{"embeddable":true,"href":"https:\/\/new.findnews5.com\/index.php?rest_route=\/wp\/v2\/users\/1"}],"replies":[{"embeddable":true,"href":"https:\/\/new.findnews5.com\/index.php?rest_route=%2Fwp%2Fv2%2Fcomments&post=21920"}],"version-history":[{"count":0,"href":"https:\/\/new.findnews5.com\/index.php?rest_route=\/wp\/v2\/posts\/21920\/revisions"}],"wp:featuredmedia":[{"embeddable":true,"href":"https:\/\/new.findnews5.com\/index.php?rest_route=\/wp\/v2\/media\/21921"}],"wp:attachment":[{"href":"https:\/\/new.findnews5.com\/index.php?rest_route=%2Fwp%2Fv2%2Fmedia&parent=21920"}],"wp:term":[{"taxonomy":"category","embeddable":true,"href":"https:\/\/new.findnews5.com\/index.php?rest_route=%2Fwp%2Fv2%2Fcategories&post=21920"},{"taxonomy":"post_tag","embeddable":true,"href":"https:\/\/new.findnews5.com\/index.php?rest_route=%2Fwp%2Fv2%2Ftags&post=21920"}],"curies":[{"name":"wp","href":"https:\/\/api.w.org\/{rel}","templated":true}]}}