{"id":21912,"date":"2024-10-14T19:51:10","date_gmt":"2024-10-14T19:51:10","guid":{"rendered":"https:\/\/new.findnews5.com\/?p=21912"},"modified":"2024-10-14T19:51:11","modified_gmt":"2024-10-14T19:51:11","slug":"rama-merr-sinjal-be-jep-super-lajmin-per-shqiperine-shteti-i-madh-i-thote-po","status":"publish","type":"post","link":"https:\/\/new.findnews5.com\/?p=21912","title":{"rendered":"Rama merr \u201csinjal\u201d\/ BE jep super lajmin p\u00ebr Shqip\u00ebrin\u00eb, shteti i madh i thot\u00eb \u201cPO\u201d\u2026"},"content":{"rendered":"<div class=\"78954ae5fa42b68c1393fe3da4998882\" data-index=\"1\" style=\"float: none; margin:0px 0 0px 0; text-align:center;\">\n<div data-type=\"_mgwidget\" data-widget-id=\"1576712\">\r\n<\/div>\r\n<script>(function(w,q){w[q]=w[q]||[];w[q].push([\"_mgc.load\"])})(window,\"_mgq\");\r\n<\/script>\r\n\n<\/div>\n\n<p>M\u00eb 15 tetor Shqip\u00ebria do t\u00eb ulet n\u00eb tryez\u00eb me BE n\u00eb Luksemburg p\u00ebr t\u00eb zyrtarizuar hapjen e kapitujve t\u00eb pare t\u00eb negociatave, t\u00eb njohur si themelor\u00ebt.<\/p>\n\n\n\n<p>Data u konfimua nga Presidenca Hungareze e K\u00ebshillit t\u00eb Bashkimit Europian gjat\u00eb vizit\u00ebs zyrtare t\u00eb Kryeministrit Rama n\u00eb Budapest, ku u takua me homologun e tij.<\/p>\n\n\n\n<p>Victor Orban n\u00eb konferenc\u00ebn e p\u00ebrbashk\u00ebt p\u00ebr shtyp nuk e fshehu faktin q\u00eb ky vendim p\u00ebr Tiran\u00ebn zyrtare vjen pik\u00ebrisht gjat\u00eb Presidenc\u00ebn Hungareze t\u00eb unionit.<\/p>\n\n\n\n<p>\u201c<em>Jav\u00ebn e ardhshme n\u00eb Luksemburg do t\u00eb kemi n\u00eb fakt konferenc\u00ebn nd\u00ebrqeveritare nd\u00ebrmjet BE-s\u00eb dhe Shqip\u00ebris\u00eb dhe do t\u00eb hapet grup kapitulli i pare. Jemi shum\u00eb krenar q\u00eb ky moment, vjen n\u00eb k\u00ebt\u00eb periudh\u00eb kur Hungaria ka edhe Presidenc\u00ebn e K\u00ebshillit t\u00eb BE-s\u00eb. Kura m\u00eb e mir\u00eb p\u00ebr t\u00eb gjith\u00eb \u00ebsht\u00eb q\u00eb Bashkimi Europian t\u2019i mir\u00ebpres\u00eb vendet e Ballkanit Per\u00ebndimor n\u00eb familjen e vet sepse k\u00ebshtu do t\u00eb qarkulloj\u00eb m\u00eb mir\u00eb gjaku tek ne, n\u00eb familjen europiane<\/em>\u201d, tha Orban.<\/p>\n\n\n\n<p>Nd\u00ebrsa kryeministri Rama u shpreh: \u201c<em>Ne do t\u00eb kemi mund\u00ebsin\u00eb q\u00eb t\u00eb hapim nj\u00eb pjes\u00eb t\u00eb madhe t\u00eb negociatave me Bashkimin Europian, pra nj\u00eb grup t\u00eb t\u00ebr\u00eb kapitujsh dhe n\u00eb k\u00ebt\u00eb m\u00ebnyr\u00eb, ne do t\u00eb hyjm\u00eb n\u00eb nj\u00eb faz\u00eb integrimi e cila \u00ebsht\u00eb v\u00ebrtet\u00eb e p\u00ebrparuar, e avancuar\u201d<\/em><\/p>\n\n<div style=\"font-size: 0px; height: 0px; line-height: 0px; margin: 0; padding: 0; clear: both;\"><\/div>","protected":false},"excerpt":{"rendered":"<p>M\u00eb 15 tetor Shqip\u00ebria do t\u00eb ulet n\u00eb tryez\u00eb me BE n\u00eb Luksemburg p\u00ebr t\u00eb zyrtarizuar hapjen e kapitujve t\u00eb pare t\u00eb negociatave, t\u00eb njohur si themelor\u00ebt&#8230;. <\/p>\n","protected":false},"author":1,"featured_media":21913,"comment_status":"open","ping_status":"open","sticky":false,"template":"","format":"standard","meta":{"footnotes":""},"categories":[6],"tags":[],"class_list":["post-21912","post","type-post","status-publish","format-standard","has-post-thumbnail","hentry","category-lajme"],"_links":{"self":[{"href":"https:\/\/new.findnews5.com\/index.php?rest_route=\/wp\/v2\/posts\/21912","targetHints":{"allow":["GET"]}}],"collection":[{"href":"https:\/\/new.findnews5.com\/index.php?rest_route=\/wp\/v2\/posts"}],"about":[{"href":"https:\/\/new.findnews5.com\/index.php?rest_route=\/wp\/v2\/types\/post"}],"author":[{"embeddable":true,"href":"https:\/\/new.findnews5.com\/index.php?rest_route=\/wp\/v2\/users\/1"}],"replies":[{"embeddable":true,"href":"https:\/\/new.findnews5.com\/index.php?rest_route=%2Fwp%2Fv2%2Fcomments&post=21912"}],"version-history":[{"count":0,"href":"https:\/\/new.findnews5.com\/index.php?rest_route=\/wp\/v2\/posts\/21912\/revisions"}],"wp:featuredmedia":[{"embeddable":true,"href":"https:\/\/new.findnews5.com\/index.php?rest_route=\/wp\/v2\/media\/21913"}],"wp:attachment":[{"href":"https:\/\/new.findnews5.com\/index.php?rest_route=%2Fwp%2Fv2%2Fmedia&parent=21912"}],"wp:term":[{"taxonomy":"category","embeddable":true,"href":"https:\/\/new.findnews5.com\/index.php?rest_route=%2Fwp%2Fv2%2Fcategories&post=21912"},{"taxonomy":"post_tag","embeddable":true,"href":"https:\/\/new.findnews5.com\/index.php?rest_route=%2Fwp%2Fv2%2Ftags&post=21912"}],"curies":[{"name":"wp","href":"https:\/\/api.w.org\/{rel}","templated":true}]}}