{"id":21908,"date":"2024-10-14T19:49:53","date_gmt":"2024-10-14T19:49:53","guid":{"rendered":"https:\/\/new.findnews5.com\/?p=21908"},"modified":"2024-10-14T19:49:55","modified_gmt":"2024-10-14T19:49:55","slug":"armina-mevlani-e-thote-troc-situata-ne-familjen-berisha-nuk-eshte-e-mire","status":"publish","type":"post","link":"https:\/\/new.findnews5.com\/?p=21908","title":{"rendered":"Armina Mevlani e thot\u00eb tro\u00e7: Situata n\u00eb familjen Berisha nuk \u00ebsht\u00eb e mir\u00eb\u2026"},"content":{"rendered":"<div class=\"78954ae5fa42b68c1393fe3da4998882\" data-index=\"1\" style=\"float: none; margin:0px 0 0px 0; text-align:center;\">\n<div data-type=\"_mgwidget\" data-widget-id=\"1576712\">\r\n<\/div>\r\n<script>(function(w,q){w[q]=w[q]||[];w[q].push([\"_mgc.load\"])})(window,\"_mgq\");\r\n<\/script>\r\n\n<\/div>\n\n<p>Armina Mevlani, n\u00eb nj\u00eb intervist\u00eb p\u00ebr \u201cRudina\u201d, u pyet p\u00ebr situat\u00ebn n\u00eb familjen Berisha.<\/p>\n\n\n\n<p>Blogerja u pyet edhe p\u00ebr situat\u00ebn e kryetarit t\u00eb Partis\u00eb Demokratike, Sali Berish\u00ebs, i cili ndodhet n\u00ebn mas\u00ebn e siguris\u00eb \u201carrest sht\u00ebpie\u201d. N\u00eb fjal\u00ebn e saj, Armina tregoi se e gjith\u00eb situata n\u00eb familjen Berisha nuk \u00ebsht\u00eb p\u00ebrjetuar mir\u00eb.<\/p>\n\n\n\n<p><strong>Armina Mevlani<\/strong>: \u201c<em>Sigurisht p\u00ebrtej \u00e7\u00ebshtjes politike nuk \u00ebsht\u00eb p\u00ebrjetuar mir\u00eb dhe \u00ebsht\u00eb di\u00e7ka jo e drejt\u00eb n\u00eb k\u00ebndv\u00ebshtrimin e shum\u00eb njer\u00ebzve, por edhe n\u00eb realitet. Megjithat\u00eb, shpresojm\u00eb p\u00ebr m\u00eb mir\u00eb n\u00eb vazhdim. Un\u00eb kam kuptuar me kalimin e koh\u00ebs, qoft\u00eb n\u00eb familje apo n\u00eb marr\u00ebdh\u00ebnie dhe gjith\u00e7ka \u00ebsht\u00eb sh\u00ebndeti dhe p\u00ebr sa koh\u00eb q\u00eb njer\u00ebzit jan\u00eb t\u00eb sh\u00ebndetsh\u00ebm dhe t\u00eb fort\u00eb, do t\u00eb dal\u00eb drita e diellit\u201d<\/em>.<\/p>\n\n<div style=\"font-size: 0px; height: 0px; line-height: 0px; margin: 0; padding: 0; clear: both;\"><\/div>","protected":false},"excerpt":{"rendered":"<p>Armina Mevlani, n\u00eb nj\u00eb intervist\u00eb p\u00ebr \u201cRudina\u201d, u pyet p\u00ebr situat\u00ebn n\u00eb familjen Berisha. Blogerja u pyet edhe p\u00ebr situat\u00ebn e kryetarit t\u00eb Partis\u00eb Demokratike, Sali Berish\u00ebs,&#8230; <\/p>\n","protected":false},"author":1,"featured_media":21909,"comment_status":"open","ping_status":"open","sticky":false,"template":"","format":"standard","meta":{"footnotes":""},"categories":[6],"tags":[],"class_list":["post-21908","post","type-post","status-publish","format-standard","has-post-thumbnail","hentry","category-lajme"],"_links":{"self":[{"href":"https:\/\/new.findnews5.com\/index.php?rest_route=\/wp\/v2\/posts\/21908","targetHints":{"allow":["GET"]}}],"collection":[{"href":"https:\/\/new.findnews5.com\/index.php?rest_route=\/wp\/v2\/posts"}],"about":[{"href":"https:\/\/new.findnews5.com\/index.php?rest_route=\/wp\/v2\/types\/post"}],"author":[{"embeddable":true,"href":"https:\/\/new.findnews5.com\/index.php?rest_route=\/wp\/v2\/users\/1"}],"replies":[{"embeddable":true,"href":"https:\/\/new.findnews5.com\/index.php?rest_route=%2Fwp%2Fv2%2Fcomments&post=21908"}],"version-history":[{"count":0,"href":"https:\/\/new.findnews5.com\/index.php?rest_route=\/wp\/v2\/posts\/21908\/revisions"}],"wp:featuredmedia":[{"embeddable":true,"href":"https:\/\/new.findnews5.com\/index.php?rest_route=\/wp\/v2\/media\/21909"}],"wp:attachment":[{"href":"https:\/\/new.findnews5.com\/index.php?rest_route=%2Fwp%2Fv2%2Fmedia&parent=21908"}],"wp:term":[{"taxonomy":"category","embeddable":true,"href":"https:\/\/new.findnews5.com\/index.php?rest_route=%2Fwp%2Fv2%2Fcategories&post=21908"},{"taxonomy":"post_tag","embeddable":true,"href":"https:\/\/new.findnews5.com\/index.php?rest_route=%2Fwp%2Fv2%2Ftags&post=21908"}],"curies":[{"name":"wp","href":"https:\/\/api.w.org\/{rel}","templated":true}]}}