{"id":21905,"date":"2024-10-14T19:47:17","date_gmt":"2024-10-14T19:47:17","guid":{"rendered":"https:\/\/new.findnews5.com\/?p=21905"},"modified":"2024-10-14T19:47:19","modified_gmt":"2024-10-14T19:47:19","slug":"ta-gezoni-o-shqiptare-rruga-e-re-shkurton-distancen-rama-lidh-2-qytete-te-medha","status":"publish","type":"post","link":"https:\/\/new.findnews5.com\/?p=21905","title":{"rendered":"\u201cTa g\u00ebzoni o Shqiptar\u00eb\u201d\/ Rruga e re shkurton distanc\u00ebn, Rama: Lidh 2 qytete t\u00eb m\u00ebdha\u2026"},"content":{"rendered":"<div class=\"78954ae5fa42b68c1393fe3da4998882\" data-index=\"1\" style=\"float: none; margin:0px 0 0px 0; text-align:center;\">\n<div data-type=\"_mgwidget\" data-widget-id=\"1576712\">\r\n<\/div>\r\n<script>(function(w,q){w[q]=w[q]||[];w[q].push([\"_mgc.load\"])})(window,\"_mgq\");\r\n<\/script>\r\n\n<\/div>\n\n<p>Segmenti i ri Ersek\u00eb-Leskovik ofron pamje piktoreske p\u00ebr t\u00eb gjith\u00eb qytetar\u00ebt q\u00eb e p\u00ebrshkojn\u00eb k\u00ebt\u00eb rrug\u00eb.<\/p>\n\n\n\n<p>Kryeministri Rama thot\u00eb se ky segment tashm\u00eb i p\u00ebrfunduar, ku sipas tij, dhuron nj\u00eb udh\u00ebtim magjeps p\u00ebrmes natyr\u00ebs s\u00eb pazbuluar t\u00eb k\u00ebsaj zone. N\u00eb k\u00ebt\u00eb zon\u00eb ndodhen llixhat Sarandoporit, vreshtat historik\u00eb dhe shum\u00eb perlat e tjera t\u00eb Leskovikut.<\/p>\n\n\n\n<p>\u201c<em>Ja edhe rruga e rilindur Kor\u00e7\u00eb \u2013 Ersek\u00eb e p\u00ebrfunduar, si nj\u00eb aks i ri q\u00eb i lidh dy bashkit\u00eb p\u00ebr 20 minuta dhe krijon kushte optimale transporti p\u00ebr banor\u00ebt, prodhimet bujq\u00ebsore po edhe nxitjen e m\u00ebtejshme t\u00eb zhvillimit t\u00eb turizmit q\u00eb ka nisur me hapa t\u00eb shpejt\u00eb edhe n\u00eb Kolonj\u00ebn e n\u00eb Leskovikun e deri dje braktisur dhe izoluar krejt\u00ebsisht. U vun\u00eb shum\u00eb kuje e u hodh shum\u00eb balt\u00eb p\u00ebr nj\u00eb rr\u00ebshqitje t\u00eb rrug\u00ebs gjat\u00eb punimeve, e cila u rind\u00ebrtua me shpenzimet e b\u00ebra t\u00ebr\u00ebsisht nga firma. Qesh mir\u00eb kush qesh i fundit\u201d<\/em>, shkruan Rama.&nbsp;<a href=\"https:\/\/files.fm\/f\/vfd7w426pp\"><strong>KETU SHIKO VIDEO-n:<\/strong><\/a><\/p>\n\n<div style=\"font-size: 0px; height: 0px; line-height: 0px; margin: 0; padding: 0; clear: both;\"><\/div>","protected":false},"excerpt":{"rendered":"<p>Segmenti i ri Ersek\u00eb-Leskovik ofron pamje piktoreske p\u00ebr t\u00eb gjith\u00eb qytetar\u00ebt q\u00eb e p\u00ebrshkojn\u00eb k\u00ebt\u00eb rrug\u00eb. Kryeministri Rama thot\u00eb se ky segment tashm\u00eb i p\u00ebrfunduar, ku sipas&#8230; <\/p>\n","protected":false},"author":1,"featured_media":21906,"comment_status":"open","ping_status":"open","sticky":false,"template":"","format":"standard","meta":{"footnotes":""},"categories":[6],"tags":[],"class_list":["post-21905","post","type-post","status-publish","format-standard","has-post-thumbnail","hentry","category-lajme"],"_links":{"self":[{"href":"https:\/\/new.findnews5.com\/index.php?rest_route=\/wp\/v2\/posts\/21905","targetHints":{"allow":["GET"]}}],"collection":[{"href":"https:\/\/new.findnews5.com\/index.php?rest_route=\/wp\/v2\/posts"}],"about":[{"href":"https:\/\/new.findnews5.com\/index.php?rest_route=\/wp\/v2\/types\/post"}],"author":[{"embeddable":true,"href":"https:\/\/new.findnews5.com\/index.php?rest_route=\/wp\/v2\/users\/1"}],"replies":[{"embeddable":true,"href":"https:\/\/new.findnews5.com\/index.php?rest_route=%2Fwp%2Fv2%2Fcomments&post=21905"}],"version-history":[{"count":0,"href":"https:\/\/new.findnews5.com\/index.php?rest_route=\/wp\/v2\/posts\/21905\/revisions"}],"wp:featuredmedia":[{"embeddable":true,"href":"https:\/\/new.findnews5.com\/index.php?rest_route=\/wp\/v2\/media\/21906"}],"wp:attachment":[{"href":"https:\/\/new.findnews5.com\/index.php?rest_route=%2Fwp%2Fv2%2Fmedia&parent=21905"}],"wp:term":[{"taxonomy":"category","embeddable":true,"href":"https:\/\/new.findnews5.com\/index.php?rest_route=%2Fwp%2Fv2%2Fcategories&post=21905"},{"taxonomy":"post_tag","embeddable":true,"href":"https:\/\/new.findnews5.com\/index.php?rest_route=%2Fwp%2Fv2%2Ftags&post=21905"}],"curies":[{"name":"wp","href":"https:\/\/api.w.org\/{rel}","templated":true}]}}