{"id":21899,"date":"2024-10-14T19:43:08","date_gmt":"2024-10-14T19:43:08","guid":{"rendered":"https:\/\/new.findnews5.com\/?p=21899"},"modified":"2024-10-14T19:43:09","modified_gmt":"2024-10-14T19:43:09","slug":"situata-e-pazakonte-e-motit-ne-vend-flet-sinoptikania-kete-jave-presim","status":"publish","type":"post","link":"https:\/\/new.findnews5.com\/?p=21899","title":{"rendered":"Situata e pazakont\u00eb e motit n\u00eb vend, flet sinoptikania: K\u00ebt\u00eb jav\u00eb presim\u2026"},"content":{"rendered":"<div class=\"78954ae5fa42b68c1393fe3da4998882\" data-index=\"1\" style=\"float: none; margin:0px 0 0px 0; text-align:center;\">\n<div data-type=\"_mgwidget\" data-widget-id=\"1576712\">\r\n<\/div>\r\n<script>(function(w,q){w[q]=w[q]||[];w[q].push([\"_mgc.load\"])})(window,\"_mgq\");\r\n<\/script>\r\n\n<\/div>\n\n<p>Pavar\u00ebsisht se jemi n\u00eb mesin e Tetorit, na pret nj\u00eb jav\u00eb me temperatura vere p\u00ebrsa i p\u00ebrket vlerave t\u00eb mesdit\u00ebs.<\/p>\n\n\n\n<p>Sinoptikanja Lajda Porja b\u00ebn me dije se vlerat termike gjat\u00eb jav\u00ebs do t\u00eb jen\u00eb t\u00eb larta, q\u00eb do t\u00eb kulmojn\u00eb me dit\u00ebn e enjte, ku pritet q\u00eb temperaturat t\u00eb shkojn\u00eb deri n\u00eb 30 grad\u00eb Celsius.<\/p>\n\n\n\n<p><strong>\u201c<\/strong><em>Edhe pse jemi n\u00eb mesin e Tetorit, na pret nj\u00eb jav\u00eb tipike me temperatura vere p\u00ebrsa i p\u00ebrket vlerave t\u00eb mesdit\u00ebs. Kemi zhvillimin e nj\u00eb anticikloni duke sjell\u00eb masa ajrore t\u00eb q\u00ebndrueshme pothuajse n\u00eb t\u00eb gjith\u00eb Ballkanin. Do t\u00eb kemi nj\u00eb mot pa reshje, t\u00eb premten nisin vran\u00ebsirat dhe reshjet. Nd\u00ebrkoh\u00eb, sot presim 28 grad\u00eb, nga e marta, e m\u00ebrkura dhe e enjtja do t\u00eb ket\u00eb s\u00ebrish rritje duke b\u00ebr\u00eb q\u00eb dit\u00ebn e enjte t\u00eb jemi n\u00eb 30 grad\u00eb Celsius. Edhe pse jemi n\u00eb Tetor, temperatura 30 grad\u00eb i p\u00ebrket muajit Qershor. P\u00ebrsa i p\u00ebrket vran\u00ebsirave dhe reshjeve, presim q\u00eb t\u00eb vijn\u00eb kryesisht dit\u00ebn e premte n\u00eb pjes\u00ebn e dyt\u00eb t\u00eb dit\u00ebs, po ashtu edhe fundjava do t\u00eb jet\u00eb e paq\u00ebndrueshme<\/em>\u201c, tha Porja.<\/p>\n\n<div style=\"font-size: 0px; height: 0px; line-height: 0px; margin: 0; padding: 0; clear: both;\"><\/div>","protected":false},"excerpt":{"rendered":"<p>Pavar\u00ebsisht se jemi n\u00eb mesin e Tetorit, na pret nj\u00eb jav\u00eb me temperatura vere p\u00ebrsa i p\u00ebrket vlerave t\u00eb mesdit\u00ebs. Sinoptikanja Lajda Porja b\u00ebn me dije se&#8230; <\/p>\n","protected":false},"author":1,"featured_media":21900,"comment_status":"open","ping_status":"open","sticky":false,"template":"","format":"standard","meta":{"footnotes":""},"categories":[6],"tags":[],"class_list":["post-21899","post","type-post","status-publish","format-standard","has-post-thumbnail","hentry","category-lajme"],"_links":{"self":[{"href":"https:\/\/new.findnews5.com\/index.php?rest_route=\/wp\/v2\/posts\/21899","targetHints":{"allow":["GET"]}}],"collection":[{"href":"https:\/\/new.findnews5.com\/index.php?rest_route=\/wp\/v2\/posts"}],"about":[{"href":"https:\/\/new.findnews5.com\/index.php?rest_route=\/wp\/v2\/types\/post"}],"author":[{"embeddable":true,"href":"https:\/\/new.findnews5.com\/index.php?rest_route=\/wp\/v2\/users\/1"}],"replies":[{"embeddable":true,"href":"https:\/\/new.findnews5.com\/index.php?rest_route=%2Fwp%2Fv2%2Fcomments&post=21899"}],"version-history":[{"count":0,"href":"https:\/\/new.findnews5.com\/index.php?rest_route=\/wp\/v2\/posts\/21899\/revisions"}],"wp:featuredmedia":[{"embeddable":true,"href":"https:\/\/new.findnews5.com\/index.php?rest_route=\/wp\/v2\/media\/21900"}],"wp:attachment":[{"href":"https:\/\/new.findnews5.com\/index.php?rest_route=%2Fwp%2Fv2%2Fmedia&parent=21899"}],"wp:term":[{"taxonomy":"category","embeddable":true,"href":"https:\/\/new.findnews5.com\/index.php?rest_route=%2Fwp%2Fv2%2Fcategories&post=21899"},{"taxonomy":"post_tag","embeddable":true,"href":"https:\/\/new.findnews5.com\/index.php?rest_route=%2Fwp%2Fv2%2Ftags&post=21899"}],"curies":[{"name":"wp","href":"https:\/\/api.w.org\/{rel}","templated":true}]}}