{"id":21881,"date":"2024-10-13T23:41:11","date_gmt":"2024-10-13T23:41:11","guid":{"rendered":"https:\/\/new.findnews5.com\/?p=21881"},"modified":"2024-10-13T23:41:15","modified_gmt":"2024-10-13T23:41:15","slug":"erdhi-te-falenderoje-nenen-djali-ne-karrige-me-rrota-merr-lajmin-e-jetes-nga-elvisi","status":"publish","type":"post","link":"https:\/\/new.findnews5.com\/?p=21881","title":{"rendered":"Erdhi t\u00eb falenderoj\u00eb n\u00ebn\u00ebn, djali n\u00eb karrige me rrota merr lajmin e jet\u00ebs nga Elvisi"},"content":{"rendered":"<div class=\"78954ae5fa42b68c1393fe3da4998882\" data-index=\"1\" style=\"float: none; margin:0px 0 0px 0; text-align:center;\">\n<div data-type=\"_mgwidget\" data-widget-id=\"1576712\">\r\n<\/div>\r\n<script>(function(w,q){w[q]=w[q]||[];w[q].push([\"_mgc.load\"])})(window,\"_mgq\");\r\n<\/script>\r\n\n<\/div>\n\n<p>Djali 23 vje\u00e7ar nga Tirana, ka derdhur lot g\u00ebzimi n\u00eb studion e \u201cP\u00ebr Shqiptar\u00ebt\u201d k\u00ebt\u00eb mbr\u00ebmje, kur m\u00ebsoi p\u00ebr nj\u00eb surpriz\u00eb t\u00eb madhe q\u00eb i jep shpres\u00eb.<\/p>\n\n\n\n<p>Loading&#8230;<\/p>\n\n\n\n<p>Vitin e kaluar, Rajli p\u00ebsoi nj\u00eb aksident fatkeq. I riu i mbijetoi nj\u00eb r\u00ebnie aksidental nga kati i kat\u00ebrt, teksa kishte shkuar n\u00eb banes\u00ebn e gjyshes p\u00ebr t\u00eb drekuar bashk\u00eb me t\u00eb. Ai mbeti n\u00eb nj\u00eb karrige me rrota.<\/p>\n\n\n\n<p>N\u00eb emisionin \u201cP\u00ebr Shqiptar\u00ebt\u201d Rajli erdhi 1 vit pas aksidentit p\u00ebr nj\u00eb gjest human dhe tep\u00ebr t\u00eb bukur. T\u2019i thot\u00eb n\u00ebn\u00ebs s\u00eb tij, faleminderit.<\/p>\n\n\n\n<p>Por Rajli nuk e priste kurrsesi, se n\u00eb sht\u00ebpin\u00eb e shqiptar\u00ebve, do t\u00eb merrte nj\u00eb lajm q\u00eb do t\u2019i sillte lot g\u00ebzimi. Elvis Na\u00e7i i tha se jan\u00eb b\u00ebr\u00eb t\u00eb gjitha p\u00ebrpjekjet p\u00ebr t\u00eb gjetur mund\u00ebsin\u00eb e kurimit t\u00eb t\u00eb riut. Elvisi i dha lajmin e madh t\u00eb riut, se ai ka shanse t\u00eb \u00e7ohet s\u00ebrish n\u00eb k\u00ebmb\u00eb p\u00ebrmes nj\u00eb nd\u00ebrhyrje jasht\u00eb shtetit.<\/p>\n\n\n\n<figure class=\"wp-block-embed\"><div class=\"wp-block-embed__wrapper\">\nhttps:\/\/www.gofundme.com\/f\/te-ndihmojme-rajlin\/widget\/medium?sharesheet=CAMPAIGN_PAGE&#038;attribution_id=undefined&#038;utm_content=fch.al&#038;utm_medium=referral&#038;utm_source=widget#:~:tcm-regime=GDPR&#038;tcm-prompt=Hidden\n<\/div><\/figure>\n\n\n\n<p><strong>Elvisi:<\/strong>&nbsp;<em>Desha t\u00eb ndaj nj\u00eb lajm me ju. Tani, ti ishe nj\u00eb nga rastet m\u00eb prek\u00ebse, p\u00ebr mosh\u00ebn q\u00eb ke, p\u00ebr sprov\u00ebn q\u00eb ke. Desha t\u2019i lajm\u00ebroj shqiptar\u00ebt. Ne kemi pyetur mjek\u00eb n\u00ebp\u00ebr bot\u00eb dhe sikur neve, fati, e mira na ndjek. N\u00ebse Rajli b\u00ebn nj\u00eb operim, q\u00eb kushton 80 mij\u00eb euro, shpresat jan\u00eb q\u00eb ne Rajlin ta shohim t\u00eb ec\u00eb, jo n\u00eb karrige me rrota.<\/em><\/p>\n\n<div style=\"font-size: 0px; height: 0px; line-height: 0px; margin: 0; padding: 0; clear: both;\"><\/div>","protected":false},"excerpt":{"rendered":"<p>Djali 23 vje\u00e7ar nga Tirana, ka derdhur lot g\u00ebzimi n\u00eb studion e \u201cP\u00ebr Shqiptar\u00ebt\u201d k\u00ebt\u00eb mbr\u00ebmje, kur m\u00ebsoi p\u00ebr nj\u00eb surpriz\u00eb t\u00eb madhe q\u00eb i jep shpres\u00eb&#8230;. <\/p>\n","protected":false},"author":1,"featured_media":21882,"comment_status":"open","ping_status":"open","sticky":false,"template":"","format":"standard","meta":{"footnotes":""},"categories":[6],"tags":[],"class_list":["post-21881","post","type-post","status-publish","format-standard","has-post-thumbnail","hentry","category-lajme"],"_links":{"self":[{"href":"https:\/\/new.findnews5.com\/index.php?rest_route=\/wp\/v2\/posts\/21881","targetHints":{"allow":["GET"]}}],"collection":[{"href":"https:\/\/new.findnews5.com\/index.php?rest_route=\/wp\/v2\/posts"}],"about":[{"href":"https:\/\/new.findnews5.com\/index.php?rest_route=\/wp\/v2\/types\/post"}],"author":[{"embeddable":true,"href":"https:\/\/new.findnews5.com\/index.php?rest_route=\/wp\/v2\/users\/1"}],"replies":[{"embeddable":true,"href":"https:\/\/new.findnews5.com\/index.php?rest_route=%2Fwp%2Fv2%2Fcomments&post=21881"}],"version-history":[{"count":0,"href":"https:\/\/new.findnews5.com\/index.php?rest_route=\/wp\/v2\/posts\/21881\/revisions"}],"wp:featuredmedia":[{"embeddable":true,"href":"https:\/\/new.findnews5.com\/index.php?rest_route=\/wp\/v2\/media\/21882"}],"wp:attachment":[{"href":"https:\/\/new.findnews5.com\/index.php?rest_route=%2Fwp%2Fv2%2Fmedia&parent=21881"}],"wp:term":[{"taxonomy":"category","embeddable":true,"href":"https:\/\/new.findnews5.com\/index.php?rest_route=%2Fwp%2Fv2%2Fcategories&post=21881"},{"taxonomy":"post_tag","embeddable":true,"href":"https:\/\/new.findnews5.com\/index.php?rest_route=%2Fwp%2Fv2%2Ftags&post=21881"}],"curies":[{"name":"wp","href":"https:\/\/api.w.org\/{rel}","templated":true}]}}