{"id":21856,"date":"2024-10-13T23:26:01","date_gmt":"2024-10-13T23:26:01","guid":{"rendered":"https:\/\/new.findnews5.com\/?p=21856"},"modified":"2024-10-13T23:26:06","modified_gmt":"2024-10-13T23:26:06","slug":"e-kreva-denimin-si-zonje-rudina-dembacaj-flet-per-here-te-pare-mbi-falsifikimin-u-nxitova-dhe-e-hengra","status":"publish","type":"post","link":"https:\/\/new.findnews5.com\/?p=21856","title":{"rendered":"\u201cE kreva d\u00ebnimin si zonj\u00eb\u201d, Rudina Dembacaj flet p\u00ebr her\u00eb t\u00eb par\u00eb mbi falsifikimin: U nxitova dhe e h\u00ebngra"},"content":{"rendered":"<div class=\"78954ae5fa42b68c1393fe3da4998882\" data-index=\"1\" style=\"float: none; margin:0px 0 0px 0; text-align:center;\">\n<div data-type=\"_mgwidget\" data-widget-id=\"1576712\">\r\n<\/div>\r\n<script>(function(w,q){w[q]=w[q]||[];w[q].push([\"_mgc.load\"])})(window,\"_mgq\");\r\n<\/script>\r\n\n<\/div>\n\n<p>N\u00eb studion e \u201cGoca dhe Gra\u201d teksa moderatoret diskutuan p\u00ebr lajmet se Luiz Ejlli \u00ebsht\u00eb d\u00ebnuar me 1 vit burg p\u00ebr falsifikim, dhe k\u00ebsaj teme nuk i \u2018shp\u00ebtoi\u2019 Rudina Dembacaj. Aktorja \u00ebsht\u00eb p\u00ebrfolur p\u00ebr falsifikim dokumentesh koh\u00eb m\u00eb par\u00eb ku thuhej se mori vajz\u00ebn n\u00eb udh\u00ebtim pa aprovimin e t\u00eb atit, nd\u00ebrsa sot u shpreh se b\u00ebri gabim dhe e ka kryer d\u00ebnimin.<\/p>\n\n\n\n<p>Heidi: Rudina, se jam shum\u00eb kurioze, ti ke pasur probleme me drejt\u00ebsin\u00eb?<\/p>\n\n\n\n<p>Rudina: O Heidi se pastaj do m\u00eb thon\u00eb\u2026 Koka b\u00ebn, koka p\u00ebson. Nuk \u00ebsht\u00eb se jam shum\u00eb e madhe n\u00eb mosh\u00eb, jam e re fare\u2026ne e kemi p\u00ebsuar nganj\u00eb veprim i nxituar. Rasti im m\u00eb ka b\u00ebr\u00eb t\u00eb reflektoj, nuk isha profesioniste, por me jemi nxituar dhe e kemi ngr\u00ebn\u00eb dometh\u00ebn\u00eb. Kam vuajtur d\u00ebnimin dhe nuk do e p\u00ebrs\u00ebrisja kurr\u00eb, u nxitova n\u00eb nj\u00eb moment, si n\u00ebn\u00eb kisha d\u00ebshir\u00eb t\u00eb merrja f\u00ebmij\u00ebn. E vuajta d\u00ebnimin si zonj\u00eb.<\/p>\n\n\n\n<p>Rudina: Pun\u00eb me sh\u00ebrbim prove<\/p>\n\n\n\n<p>Egla: Pra, ti je nj\u00eb ish-e d\u00ebnuar?<\/p>\n\n\n\n<p>Rudina: Kur del me sh\u00ebrbim prove, nuk quhesh m\u00eb e d\u00ebnuar. Tashm\u00eb jam e past\u00ebr!<\/p>\n\n<div style=\"font-size: 0px; height: 0px; line-height: 0px; margin: 0; padding: 0; clear: both;\"><\/div>","protected":false},"excerpt":{"rendered":"<p>N\u00eb studion e \u201cGoca dhe Gra\u201d teksa moderatoret diskutuan p\u00ebr lajmet se Luiz Ejlli \u00ebsht\u00eb d\u00ebnuar me 1 vit burg p\u00ebr falsifikim, dhe k\u00ebsaj teme nuk i&#8230; <\/p>\n","protected":false},"author":1,"featured_media":21857,"comment_status":"open","ping_status":"open","sticky":false,"template":"","format":"standard","meta":{"footnotes":""},"categories":[6],"tags":[],"class_list":["post-21856","post","type-post","status-publish","format-standard","has-post-thumbnail","hentry","category-lajme"],"_links":{"self":[{"href":"https:\/\/new.findnews5.com\/index.php?rest_route=\/wp\/v2\/posts\/21856","targetHints":{"allow":["GET"]}}],"collection":[{"href":"https:\/\/new.findnews5.com\/index.php?rest_route=\/wp\/v2\/posts"}],"about":[{"href":"https:\/\/new.findnews5.com\/index.php?rest_route=\/wp\/v2\/types\/post"}],"author":[{"embeddable":true,"href":"https:\/\/new.findnews5.com\/index.php?rest_route=\/wp\/v2\/users\/1"}],"replies":[{"embeddable":true,"href":"https:\/\/new.findnews5.com\/index.php?rest_route=%2Fwp%2Fv2%2Fcomments&post=21856"}],"version-history":[{"count":0,"href":"https:\/\/new.findnews5.com\/index.php?rest_route=\/wp\/v2\/posts\/21856\/revisions"}],"wp:featuredmedia":[{"embeddable":true,"href":"https:\/\/new.findnews5.com\/index.php?rest_route=\/wp\/v2\/media\/21857"}],"wp:attachment":[{"href":"https:\/\/new.findnews5.com\/index.php?rest_route=%2Fwp%2Fv2%2Fmedia&parent=21856"}],"wp:term":[{"taxonomy":"category","embeddable":true,"href":"https:\/\/new.findnews5.com\/index.php?rest_route=%2Fwp%2Fv2%2Fcategories&post=21856"},{"taxonomy":"post_tag","embeddable":true,"href":"https:\/\/new.findnews5.com\/index.php?rest_route=%2Fwp%2Fv2%2Ftags&post=21856"}],"curies":[{"name":"wp","href":"https:\/\/api.w.org\/{rel}","templated":true}]}}