{"id":21829,"date":"2024-10-13T04:30:24","date_gmt":"2024-10-13T04:30:24","guid":{"rendered":"https:\/\/new.findnews5.com\/?p=21829"},"modified":"2024-10-13T04:30:51","modified_gmt":"2024-10-13T04:30:51","slug":"21829","status":"publish","type":"post","link":"https:\/\/new.findnews5.com\/?p=21829","title":{"rendered":""},"content":{"rendered":"<div class=\"78954ae5fa42b68c1393fe3da4998882\" data-index=\"1\" style=\"float: none; margin:0px 0 0px 0; text-align:center;\">\n<div data-type=\"_mgwidget\" data-widget-id=\"1576712\">\r\n<\/div>\r\n<script>(function(w,q){w[q]=w[q]||[];w[q].push([\"_mgc.load\"])})(window,\"_mgq\");\r\n<\/script>\r\n\n<\/div>\n\n<p>\u201cN\u00ebse ti i thua nj\u00eb ish t\u00eb burgosuri politik nj\u00eb pengu t\u00eb luft\u00ebs q\u00eb \u00ebsht\u00eb kryeministri i Kosov\u00ebs, Albin Kurti, person i kapur apo i rekrutuar prej Serbis\u00eb. Mendoj q\u00eb le t\u00eb mbetet n\u00eb p\u00ebrgjegj\u00ebsin\u00eb e tij edhe un\u00eb po e mbaj\u00eb ekologjin\u00eb e goj\u00ebs me plot\u00eb kuptimin e fjal\u00ebs\u201d.<\/p>\n\n\n\n<p>\u201cN\u00eb kuptimin e asaj q\u00eb edhe Zot\u00ebri Haradinaj i ka dh\u00ebn\u00eb d\u00ebshmor\u00eb k\u00ebtij vendi, mendoj q\u00eb duhet t\u00eb jet\u00eb shum\u00eb i kujdessh\u00ebm n\u00eb k\u00ebt\u00eb raport, sidomos kur flet p\u00ebr Albin Kurtin, Po n\u00ebse nuk \u00ebsht\u00eb, mos t\u00eb jet\u00eb, mendoj q\u00eb opozit\u00ebn q\u00eb e b\u00ebn\u00eb \u00ebsht\u00eb e gabuar, por le t\u00eb mbetet prap\u00eb n\u00eb diskursin e tij\u201d, ka th\u00ebn\u00eb Rexhaj.<\/p>\n\n<iframe loading=\"lazy\" width=\"560\" height=\"315\" src=\"https:\/\/www.youtube.com\/embed\/xe4e8KPVroo?si=7LFoW7jYvcjS1MhZ\" title=\"YouTube video player\" frameborder=\"0\" allow=\"accelerometer; autoplay; clipboard-write; encrypted-media; gyroscope; picture-in-picture; web-share\" referrerpolicy=\"strict-origin-when-cross-origin\" allowfullscreen><\/iframe>\n<div style=\"font-size: 0px; height: 0px; line-height: 0px; margin: 0; padding: 0; clear: both;\"><\/div>","protected":false},"excerpt":{"rendered":"<p>\u201cN\u00ebse ti i thua nj\u00eb ish t\u00eb burgosuri politik nj\u00eb pengu t\u00eb luft\u00ebs q\u00eb \u00ebsht\u00eb kryeministri i Kosov\u00ebs, Albin Kurti, person i kapur apo i rekrutuar prej&#8230; <\/p>\n","protected":false},"author":1,"featured_media":0,"comment_status":"open","ping_status":"open","sticky":false,"template":"","format":"standard","meta":{"footnotes":""},"categories":[6],"tags":[],"class_list":["post-21829","post","type-post","status-publish","format-standard","hentry","category-lajme"],"_links":{"self":[{"href":"https:\/\/new.findnews5.com\/index.php?rest_route=\/wp\/v2\/posts\/21829","targetHints":{"allow":["GET"]}}],"collection":[{"href":"https:\/\/new.findnews5.com\/index.php?rest_route=\/wp\/v2\/posts"}],"about":[{"href":"https:\/\/new.findnews5.com\/index.php?rest_route=\/wp\/v2\/types\/post"}],"author":[{"embeddable":true,"href":"https:\/\/new.findnews5.com\/index.php?rest_route=\/wp\/v2\/users\/1"}],"replies":[{"embeddable":true,"href":"https:\/\/new.findnews5.com\/index.php?rest_route=%2Fwp%2Fv2%2Fcomments&post=21829"}],"version-history":[{"count":0,"href":"https:\/\/new.findnews5.com\/index.php?rest_route=\/wp\/v2\/posts\/21829\/revisions"}],"wp:attachment":[{"href":"https:\/\/new.findnews5.com\/index.php?rest_route=%2Fwp%2Fv2%2Fmedia&parent=21829"}],"wp:term":[{"taxonomy":"category","embeddable":true,"href":"https:\/\/new.findnews5.com\/index.php?rest_route=%2Fwp%2Fv2%2Fcategories&post=21829"},{"taxonomy":"post_tag","embeddable":true,"href":"https:\/\/new.findnews5.com\/index.php?rest_route=%2Fwp%2Fv2%2Ftags&post=21829"}],"curies":[{"name":"wp","href":"https:\/\/api.w.org\/{rel}","templated":true}]}}