{"id":21828,"date":"2024-10-13T04:31:48","date_gmt":"2024-10-13T04:31:48","guid":{"rendered":"https:\/\/new.findnews5.com\/?p=21828"},"modified":"2024-10-13T04:31:49","modified_gmt":"2024-10-13T04:31:49","slug":"rexhaj-haradinajt-duhet-te-jete-i-kujdesshem-kur-flet-per-kurtin-ishte-ish-i-burgosur-politik-video","status":"publish","type":"post","link":"https:\/\/new.findnews5.com\/?p=21828","title":{"rendered":"Rexhaj &#8211; Haradinajt: Duhet t\u00eb jet\u00eb i kujdessh\u00ebm kur flet p\u00ebr Kurtin, ishte ish i burgosur politik (VIDEO)"},"content":{"rendered":"<div class=\"78954ae5fa42b68c1393fe3da4998882\" data-index=\"1\" style=\"float: none; margin:0px 0 0px 0; text-align:center;\">\n<div data-type=\"_mgwidget\" data-widget-id=\"1576712\">\r\n<\/div>\r\n<script>(function(w,q){w[q]=w[q]||[];w[q].push([\"_mgc.load\"])})(window,\"_mgq\");\r\n<\/script>\r\n\n<\/div>\n\n<p>Deputeti i Vet\u00ebvendosjes, Arber Rexhaj, nuk i ka konsideruar \u00e7\u00ebshtje pozitive deklaratat e kryetarit t\u00eb AAK-s\u00eb, Ramush Haradinajt, ndaj kryeministrit Albin Kurti, t\u00eb cilit i thot\u00eb se \u00ebsht\u00eb \u201ci rekrutuar nga Serbia\u201d.<\/p>\n\n\n\n<p>N\u00eb DPT Fidani n\u00eb Klan Kosova, Rexhaj ka pohuar se deklaratat e tilla jan\u00eb t\u00eb gabuara.<\/p>\n\n\n\n<figure class=\"wp-block-image size-full\"><a href=\"https:\/\/new.findnews5.com\/?p=21829\"><img loading=\"lazy\" decoding=\"async\" width=\"294\" height=\"79\" src=\"http:\/\/new.findnews5.com\/wp-content\/uploads\/2024\/10\/SHIKOVIDEONKETU.jpg\" alt=\"\" class=\"wp-image-21588\"\/><\/a><\/figure>\n\n<div style=\"font-size: 0px; height: 0px; line-height: 0px; margin: 0; padding: 0; clear: both;\"><\/div>","protected":false},"excerpt":{"rendered":"<p>Deputeti i Vet\u00ebvendosjes, Arber Rexhaj, nuk i ka konsideruar \u00e7\u00ebshtje pozitive deklaratat e kryetarit t\u00eb AAK-s\u00eb, Ramush Haradinajt, ndaj kryeministrit Albin Kurti, t\u00eb cilit i thot\u00eb se&#8230; <\/p>\n","protected":false},"author":1,"featured_media":21832,"comment_status":"open","ping_status":"open","sticky":false,"template":"","format":"standard","meta":{"footnotes":""},"categories":[6],"tags":[],"class_list":["post-21828","post","type-post","status-publish","format-standard","has-post-thumbnail","hentry","category-lajme"],"_links":{"self":[{"href":"https:\/\/new.findnews5.com\/index.php?rest_route=\/wp\/v2\/posts\/21828","targetHints":{"allow":["GET"]}}],"collection":[{"href":"https:\/\/new.findnews5.com\/index.php?rest_route=\/wp\/v2\/posts"}],"about":[{"href":"https:\/\/new.findnews5.com\/index.php?rest_route=\/wp\/v2\/types\/post"}],"author":[{"embeddable":true,"href":"https:\/\/new.findnews5.com\/index.php?rest_route=\/wp\/v2\/users\/1"}],"replies":[{"embeddable":true,"href":"https:\/\/new.findnews5.com\/index.php?rest_route=%2Fwp%2Fv2%2Fcomments&post=21828"}],"version-history":[{"count":0,"href":"https:\/\/new.findnews5.com\/index.php?rest_route=\/wp\/v2\/posts\/21828\/revisions"}],"wp:featuredmedia":[{"embeddable":true,"href":"https:\/\/new.findnews5.com\/index.php?rest_route=\/wp\/v2\/media\/21832"}],"wp:attachment":[{"href":"https:\/\/new.findnews5.com\/index.php?rest_route=%2Fwp%2Fv2%2Fmedia&parent=21828"}],"wp:term":[{"taxonomy":"category","embeddable":true,"href":"https:\/\/new.findnews5.com\/index.php?rest_route=%2Fwp%2Fv2%2Fcategories&post=21828"},{"taxonomy":"post_tag","embeddable":true,"href":"https:\/\/new.findnews5.com\/index.php?rest_route=%2Fwp%2Fv2%2Ftags&post=21828"}],"curies":[{"name":"wp","href":"https:\/\/api.w.org\/{rel}","templated":true}]}}