{"id":21824,"date":"2024-10-13T04:28:46","date_gmt":"2024-10-13T04:28:46","guid":{"rendered":"https:\/\/new.findnews5.com\/?p=21824"},"modified":"2024-10-13T04:28:49","modified_gmt":"2024-10-13T04:28:49","slug":"21824","status":"publish","type":"post","link":"https:\/\/new.findnews5.com\/?p=21824","title":{"rendered":""},"content":{"rendered":"<div class=\"78954ae5fa42b68c1393fe3da4998882\" data-index=\"1\" style=\"float: none; margin:0px 0 0px 0; text-align:center;\">\n<div data-type=\"_mgwidget\" data-widget-id=\"1576712\">\r\n<\/div>\r\n<script>(function(w,q){w[q]=w[q]||[];w[q].push([\"_mgc.load\"])})(window,\"_mgq\");\r\n<\/script>\r\n\n<\/div>\n\n<p>\u201cTurqia dhe Serbia duhet t\u00eb nd\u00ebrmarrin hapa s\u00eb bashku, por k\u00ebta hapa jan\u00eb formimi i p\u00ebrbashk\u00ebt i nj\u00eb industrie t\u00eb mbrojtjes, p\u00ebr t\u00eb garantuar paqe\u201d, tha Erdogan n\u00eb nj\u00eb konferenc\u00eb t\u00eb p\u00ebrbashk\u00ebt me presidentin serb, Aleksandar Vu\u00e7iq, n\u00eb Beograd.<\/p>\n\n\n\n<p>K\u00ebrkesat nd\u00ebrkomb\u00ebtare p\u00ebr dron\u00ebt turq, kryesisht dron\u00eb TB2 Bayraktar, jan\u00eb rritur shum\u00eb pas ndikimit t\u00eb tyre n\u00eb konfliktet n\u00eb Siri, Libi, Azerbajxhan dhe Ukrain\u00eb. Kompania turke Baykar th\u00ebn\u00eb se ka n\u00ebnshkruar marr\u00ebveshje eksportimi me 30 vende, p\u00ebrfshir\u00eb, Arabin\u00eb Saudite, Ukrain\u00ebn, Etiopin\u00eb, Kosov\u00ebn dhe Polonin\u00eb.<\/p>\n\n\n\n<p>Erdogani tha se Ankaraja dhe Beogradi do t\u2019i p\u00ebrdorin resurset e tyre \u201csi dy vende mike\u201d p\u00ebr ta rritur bashk\u00ebpunimin, duke paralajm\u00ebruar se asnj\u00eb vend nuk duhet t\u00eb p\u00ebrpiqet t\u00eb nd\u00ebrhyj\u00eb, edhe n\u00ebse nuk i p\u00eblqen kjo.<\/p>\n\n\n\n<p>Erdogani i premtoi nj\u00eb num\u00ebr t\u00eb paspecifikuar dron\u00ebsh edhe Shqip\u00ebris\u00eb, gjat\u00eb vizit\u00ebs s\u00eb tij n\u00eb Tiran\u00eb nj\u00eb dit\u00eb m\u00eb par\u00eb.<\/p>\n\n\n\n<p>M\u00eb her\u00ebt, Erdogani tha se marr\u00ebdh\u00ebniet n\u00eb mes t\u00eb Turqis\u00eb dhe Serbis\u00eb jan\u00eb n\u00eb \u201ckoh\u00eb t\u00eb art\u00eb\u201d.<\/p>\n\n\n\n<p>Vu\u00e7iq ka th\u00ebn\u00eb se dy lider\u00ebt kan\u00eb diskutuar p\u00ebr tema t\u00eb r\u00ebnd\u00ebsishme gjeopolitike, si dhe p\u00ebr problemet me t\u00eb cilat p\u00ebrballen dy vendet.<\/p>\n\n\n\n<p>\u201cTurqia dhe Serbia kan\u00eb marr\u00ebdh\u00ebnie t\u00eb mia ekonomike. Ne kemi trefishuar k\u00ebmbimin tregtar, n\u00eb krahasim me pak vjet m\u00eb par\u00eb\u201d, ka th\u00ebn\u00eb Vu\u00e7iq.<\/p>\n\n\n\n<p>Presidenti serb ka th\u00ebn\u00eb se \u00ebsht\u00eb arritur pajtueshm\u00ebri p\u00ebr t\u2019i p\u00ebrmir\u00ebsuar marr\u00ebdh\u00ebniet dhe bashk\u00ebpunimin n\u00eb industrin\u00eb e mbrojtjes dhe at\u00eb ushtarake.<\/p>\n\n\n\n<p>Erdogan \u00ebsht\u00eb takuar me Vu\u00e7iqin n\u00eb Beograd, n\u00eb kuad\u00ebr t\u00eb vizit\u00ebs s\u00eb tij dyditore n\u00eb Serbi.<\/p>\n\n\n\n<p>N\u00eb dit\u00ebn e mb\u00ebrritjes s\u00eb presidentit turk n\u00eb Serbi, m\u00eb 10 tetor, Qeveria e Serbis\u00eb i ka miratuar disa memorandume mir\u00ebkuptimi n\u00eb mes t\u00eb Serbis\u00eb dhe Turqis\u00eb, n\u00eb fusha si pun\u00ebsimi, siguria sociale, ekonomia, industria dhe teknologjia, media dhe informacioni, rinia dhe sporti, dhe si menaxhimi i emergjencave.<\/p>\n\n\n\n<p>Kjo \u00ebsht\u00eb vizita e kat\u00ebrt e presidentit turk n\u00eb Serbi, prej vitit 2017.<\/p>\n\n\n\n<p>N\u00eb vizit\u00ebn paraprake t\u00eb Erdoganit n\u00eb Beograd, n\u00eb shtator t\u00eb vitit 2022, Serbia ka th\u00ebn\u00eb se d\u00ebshiron t\u00eb blej\u00eb dron\u00ebt Bayraktar, por blerja e tyre nuk \u00ebsht\u00eb realizuar kurr\u00eb.<\/p>\n\n\n\n<p>At\u00ebbot\u00eb ishte arritur nj\u00eb protokoll q\u00eb u ka mund\u00ebsuar shtetasve t\u00eb Serbis\u00eb dhe Turqis\u00eb q\u00eb t\u00eb udh\u00ebtojn\u00eb n\u00eb dy vendet vet\u00ebm me let\u00ebrnjoftime.<\/p>\n\n\n\n<p>Turqia \u00ebsht\u00eb e kat\u00ebrta n\u00eb list\u00ebn e shteteve prej ku ka importuar m\u00eb s\u00eb shumti Serbia m\u00eb 2023.<\/p>\n\n\n\n<p>Kompanit\u00eb turke jan\u00eb prezente n\u00eb Serbi n\u00eb tekstil, nd\u00ebrtimtari, industri mekanike, banka dhe turiz\u00ebm.<\/p>\n\n\n\n<p>Dy vendet kan\u00eb marr\u00ebdh\u00ebnie t\u00eb mira, por nuk pajtohen n\u00eb \u00e7\u00ebshtjen e Kosov\u00ebs.<\/p>\n\n\n\n<p>Ankaraja e njeh pavar\u00ebsin\u00eb e k\u00ebtij shteti, nd\u00ebrsa Serbia jo.\/<a href=\"https:\/\/www.evropaelire.org\/a\/erdogan-ne-beograd-per-takime-me-vuciqin-dhe-nje-forum-biznesor\/33154810.html\">REL<\/a><\/p>\n\n<div style=\"font-size: 0px; height: 0px; line-height: 0px; margin: 0; padding: 0; clear: both;\"><\/div>","protected":false},"excerpt":{"rendered":"<p>\u201cTurqia dhe Serbia duhet t\u00eb nd\u00ebrmarrin hapa s\u00eb bashku, por k\u00ebta hapa jan\u00eb formimi i p\u00ebrbashk\u00ebt i nj\u00eb industrie t\u00eb mbrojtjes, p\u00ebr t\u00eb garantuar paqe\u201d, tha Erdogan&#8230; <\/p>\n","protected":false},"author":1,"featured_media":0,"comment_status":"open","ping_status":"open","sticky":false,"template":"","format":"standard","meta":{"footnotes":""},"categories":[6],"tags":[],"class_list":["post-21824","post","type-post","status-publish","format-standard","hentry","category-lajme"],"_links":{"self":[{"href":"https:\/\/new.findnews5.com\/index.php?rest_route=\/wp\/v2\/posts\/21824","targetHints":{"allow":["GET"]}}],"collection":[{"href":"https:\/\/new.findnews5.com\/index.php?rest_route=\/wp\/v2\/posts"}],"about":[{"href":"https:\/\/new.findnews5.com\/index.php?rest_route=\/wp\/v2\/types\/post"}],"author":[{"embeddable":true,"href":"https:\/\/new.findnews5.com\/index.php?rest_route=\/wp\/v2\/users\/1"}],"replies":[{"embeddable":true,"href":"https:\/\/new.findnews5.com\/index.php?rest_route=%2Fwp%2Fv2%2Fcomments&post=21824"}],"version-history":[{"count":0,"href":"https:\/\/new.findnews5.com\/index.php?rest_route=\/wp\/v2\/posts\/21824\/revisions"}],"wp:attachment":[{"href":"https:\/\/new.findnews5.com\/index.php?rest_route=%2Fwp%2Fv2%2Fmedia&parent=21824"}],"wp:term":[{"taxonomy":"category","embeddable":true,"href":"https:\/\/new.findnews5.com\/index.php?rest_route=%2Fwp%2Fv2%2Fcategories&post=21824"},{"taxonomy":"post_tag","embeddable":true,"href":"https:\/\/new.findnews5.com\/index.php?rest_route=%2Fwp%2Fv2%2Ftags&post=21824"}],"curies":[{"name":"wp","href":"https:\/\/api.w.org\/{rel}","templated":true}]}}