{"id":21823,"date":"2024-10-13T04:29:11","date_gmt":"2024-10-13T04:29:11","guid":{"rendered":"https:\/\/new.findnews5.com\/?p=21823"},"modified":"2024-10-13T04:29:13","modified_gmt":"2024-10-13T04:29:13","slug":"presidenti-erdogan-tha-se-turqia-dhe-serbia-do-ta-zhvillojne-bashkerisht-industrine-e-mbrojtjes","status":"publish","type":"post","link":"https:\/\/new.findnews5.com\/?p=21823","title":{"rendered":"Presidenti Erdogan tha se Turqia dhe Serbia do ta zhvillojn\u00eb bashk\u00ebrisht industrin\u00eb e mbrojtjes"},"content":{"rendered":"<div class=\"78954ae5fa42b68c1393fe3da4998882\" data-index=\"1\" style=\"float: none; margin:0px 0 0px 0; text-align:center;\">\n<div data-type=\"_mgwidget\" data-widget-id=\"1576712\">\r\n<\/div>\r\n<script>(function(w,q){w[q]=w[q]||[];w[q].push([\"_mgc.load\"])})(window,\"_mgq\");\r\n<\/script>\r\n\n<\/div>\n\n<p>Presidenti i Turqis\u00eb, Recep Tayyip Erdogan, ka th\u00ebn\u00eb t\u00eb premten se Turqia dhe Serbia kan\u00eb vendosur t\u00eb punojn\u00eb s\u00eb bashku p\u00ebr t\u2019i zhvilluar industrit\u00eb e veta t\u00eb mbrojtjes.<\/p>\n\n\n\n<p>Gjat\u00eb vizit\u00ebs s\u00eb tij n\u00eb Beograd, lideri turk njoftoi gjithashtu se pjes\u00eb e bashk\u00ebpunimit t\u00eb tyre do t\u00eb jen\u00eb edhe dron\u00ebt turq q\u00eb do t\u2019i dhurohen Serbis\u00eb.<\/p>\n\n\n\n<figure class=\"wp-block-image size-full\"><a href=\"https:\/\/new.findnews5.com\/?p=21824\"><img loading=\"lazy\" decoding=\"async\" width=\"294\" height=\"79\" src=\"http:\/\/new.findnews5.com\/wp-content\/uploads\/2024\/10\/SHIKOVIDEONKETU.jpg\" alt=\"\" class=\"wp-image-21588\"\/><\/a><\/figure>\n\n<div style=\"font-size: 0px; height: 0px; line-height: 0px; margin: 0; padding: 0; clear: both;\"><\/div>","protected":false},"excerpt":{"rendered":"<p>Presidenti i Turqis\u00eb, Recep Tayyip Erdogan, ka th\u00ebn\u00eb t\u00eb premten se Turqia dhe Serbia kan\u00eb vendosur t\u00eb punojn\u00eb s\u00eb bashku p\u00ebr t\u2019i zhvilluar industrit\u00eb e veta t\u00eb&#8230; <\/p>\n","protected":false},"author":1,"featured_media":21825,"comment_status":"open","ping_status":"open","sticky":false,"template":"","format":"standard","meta":{"footnotes":""},"categories":[6],"tags":[],"class_list":["post-21823","post","type-post","status-publish","format-standard","has-post-thumbnail","hentry","category-lajme"],"_links":{"self":[{"href":"https:\/\/new.findnews5.com\/index.php?rest_route=\/wp\/v2\/posts\/21823","targetHints":{"allow":["GET"]}}],"collection":[{"href":"https:\/\/new.findnews5.com\/index.php?rest_route=\/wp\/v2\/posts"}],"about":[{"href":"https:\/\/new.findnews5.com\/index.php?rest_route=\/wp\/v2\/types\/post"}],"author":[{"embeddable":true,"href":"https:\/\/new.findnews5.com\/index.php?rest_route=\/wp\/v2\/users\/1"}],"replies":[{"embeddable":true,"href":"https:\/\/new.findnews5.com\/index.php?rest_route=%2Fwp%2Fv2%2Fcomments&post=21823"}],"version-history":[{"count":0,"href":"https:\/\/new.findnews5.com\/index.php?rest_route=\/wp\/v2\/posts\/21823\/revisions"}],"wp:featuredmedia":[{"embeddable":true,"href":"https:\/\/new.findnews5.com\/index.php?rest_route=\/wp\/v2\/media\/21825"}],"wp:attachment":[{"href":"https:\/\/new.findnews5.com\/index.php?rest_route=%2Fwp%2Fv2%2Fmedia&parent=21823"}],"wp:term":[{"taxonomy":"category","embeddable":true,"href":"https:\/\/new.findnews5.com\/index.php?rest_route=%2Fwp%2Fv2%2Fcategories&post=21823"},{"taxonomy":"post_tag","embeddable":true,"href":"https:\/\/new.findnews5.com\/index.php?rest_route=%2Fwp%2Fv2%2Ftags&post=21823"}],"curies":[{"name":"wp","href":"https:\/\/api.w.org\/{rel}","templated":true}]}}