{"id":21787,"date":"2024-10-12T19:23:40","date_gmt":"2024-10-12T19:23:40","guid":{"rendered":"https:\/\/new.findnews5.com\/?p=21787"},"modified":"2024-10-12T19:23:43","modified_gmt":"2024-10-12T19:23:43","slug":"e-bija-humbi-jeten-pas-lindjes-te-moshuarit-rrisin-ne-varferi-mbesen-8-vjec-historia-prekese-ne-per-shqiptaret","status":"publish","type":"post","link":"https:\/\/new.findnews5.com\/?p=21787","title":{"rendered":"E bija humbi jet\u00ebn pas lindjes, t\u00eb moshuarit rrisin n\u00eb varf\u00ebri mbes\u00ebn 8 vje\u00e7, historia prek\u00ebse n\u00eb \u201cP\u00ebr Shqiptar\u00ebt\u201d"},"content":{"rendered":"<div class=\"78954ae5fa42b68c1393fe3da4998882\" data-index=\"1\" style=\"float: none; margin:0px 0 0px 0; text-align:center;\">\n<div data-type=\"_mgwidget\" data-widget-id=\"1576712\">\r\n<\/div>\r\n<script>(function(w,q){w[q]=w[q]||[];w[q].push([\"_mgc.load\"])})(window,\"_mgq\");\r\n<\/script>\r\n\n<\/div>\n<p>Dashuria q\u00eb kan\u00eb prind\u00ebrit p\u00ebr f\u00ebmij\u00ebt \u00ebsht\u00eb e madhe, e p\u00ebrsosur, por ajo q\u00eb kan\u00eb p\u00ebr nip\u00ebrit dhe mbesat kalon n\u00eb dimension hyjnor.<\/p>\n<p>Humja dhe Saliu, prek\u00ebn zemrat e shqiptar\u00ebve me historin\u00eb e tyre n\u00eb \u201cP\u00ebr Shqiptar\u00ebt\u201d. Ata t\u00eb dy po rrisin mbes\u00ebn, pasi vajza e tyre humbi jet\u00ebn nga nj\u00eb s\u00ebmundje e r\u00ebnd\u00eb pas lindjes, nd\u00ebrsa babai nuk u gjend pran\u00eb vajz\u00ebs s\u00eb vog\u00ebl, Dilar\u00ebs.<\/p>\n\n\n<figure class=\"wp-block-image size-full\"><img loading=\"lazy\" decoding=\"async\" width=\"294\" height=\"79\" src=\"http:\/\/new.findnews5.com\/wp-content\/uploads\/2024\/10\/SHIKOVIDEONKETU.jpg\" alt=\"\" class=\"wp-image-21588\"\/><\/figure>\n\n<div style=\"font-size: 0px; height: 0px; line-height: 0px; margin: 0; padding: 0; clear: both;\"><\/div>","protected":false},"excerpt":{"rendered":"<p>Dashuria q\u00eb kan\u00eb prind\u00ebrit p\u00ebr f\u00ebmij\u00ebt \u00ebsht\u00eb e madhe, e p\u00ebrsosur, por ajo q\u00eb kan\u00eb p\u00ebr nip\u00ebrit dhe mbesat kalon n\u00eb dimension hyjnor. Humja dhe Saliu, prek\u00ebn&#8230; <\/p>\n","protected":false},"author":1,"featured_media":21788,"comment_status":"open","ping_status":"open","sticky":false,"template":"","format":"standard","meta":{"footnotes":""},"categories":[6],"tags":[],"class_list":["post-21787","post","type-post","status-publish","format-standard","has-post-thumbnail","hentry","category-lajme"],"_links":{"self":[{"href":"https:\/\/new.findnews5.com\/index.php?rest_route=\/wp\/v2\/posts\/21787","targetHints":{"allow":["GET"]}}],"collection":[{"href":"https:\/\/new.findnews5.com\/index.php?rest_route=\/wp\/v2\/posts"}],"about":[{"href":"https:\/\/new.findnews5.com\/index.php?rest_route=\/wp\/v2\/types\/post"}],"author":[{"embeddable":true,"href":"https:\/\/new.findnews5.com\/index.php?rest_route=\/wp\/v2\/users\/1"}],"replies":[{"embeddable":true,"href":"https:\/\/new.findnews5.com\/index.php?rest_route=%2Fwp%2Fv2%2Fcomments&post=21787"}],"version-history":[{"count":0,"href":"https:\/\/new.findnews5.com\/index.php?rest_route=\/wp\/v2\/posts\/21787\/revisions"}],"wp:featuredmedia":[{"embeddable":true,"href":"https:\/\/new.findnews5.com\/index.php?rest_route=\/wp\/v2\/media\/21788"}],"wp:attachment":[{"href":"https:\/\/new.findnews5.com\/index.php?rest_route=%2Fwp%2Fv2%2Fmedia&parent=21787"}],"wp:term":[{"taxonomy":"category","embeddable":true,"href":"https:\/\/new.findnews5.com\/index.php?rest_route=%2Fwp%2Fv2%2Fcategories&post=21787"},{"taxonomy":"post_tag","embeddable":true,"href":"https:\/\/new.findnews5.com\/index.php?rest_route=%2Fwp%2Fv2%2Ftags&post=21787"}],"curies":[{"name":"wp","href":"https:\/\/api.w.org\/{rel}","templated":true}]}}