{"id":21783,"date":"2024-10-12T10:25:19","date_gmt":"2024-10-12T10:25:19","guid":{"rendered":"https:\/\/new.findnews5.com\/?p=21783"},"modified":"2024-10-12T10:25:21","modified_gmt":"2024-10-12T10:25:21","slug":"21783","status":"publish","type":"post","link":"https:\/\/new.findnews5.com\/?p=21783","title":{"rendered":""},"content":{"rendered":"<div class=\"78954ae5fa42b68c1393fe3da4998882\" data-index=\"1\" style=\"float: none; margin:0px 0 0px 0; text-align:center;\">\n<div data-type=\"_mgwidget\" data-widget-id=\"1576712\">\r\n<\/div>\r\n<script>(function(w,q){w[q]=w[q]||[];w[q].push([\"_mgc.load\"])})(window,\"_mgq\");\r\n<\/script>\r\n\n<\/div>\n\n<p>Teqja, i cili do t\u00eb jet\u00eb edhe kreu i bordit t\u00eb fondacionit t\u00eb p\u00ebrbashk\u00ebt, mes KMSH dhe pal\u00ebs tjet\u00ebr, q\u00eb do t\u00eb administroj\u00eb Xhamin\u00eb e Namazgjas\u00eb, i p\u00ebrlotur shprehet se kan\u00eb pritur 3 dekada p\u00ebr t\u00eb mb\u00ebrritur te kjo dit\u00eb e madhe p\u00ebr besimtar\u00ebt mysliman\u00eb.<\/p>\n\n\n\n<p>\u201c<em>P\u00ebrsh\u00ebndetjet m\u00eb t\u00eb p\u00ebrzem\u00ebrta dhe selamet m\u00eb t\u00eb ngrohta t\u00eb gjith\u00eb v\u00ebllez\u00ebrve dhe motrave besimtar\u00eb shqiptar\u00eb, por jo vet\u00ebm, n\u00eb Shqip\u00ebri dhe n\u00eb t\u00eb gjith\u00eb trojet. P\u00ebr Zotin \u00ebsht\u00eb dit\u00eb e madhe sot! T\u00eb gjith\u00eb syt\u00eb e shqiptar\u00ebve dhe Shqiptaris\u00eb jan\u00eb t\u00eb drejtuara te ky event i madh q\u00eb do t\u00eb ndodhi sot.<\/em><\/p>\n\n\n\n<p><em>Hapja e Xhamis\u00eb s\u00eb Madhe. Mbi tre dekada q\u00eb e presim hapjen e k\u00ebsaj xhamie, nd\u00ebrtimin e k\u00ebsaj xhamie. Desh Zoti i madh q\u00eb u b\u00eb realitet. Edhe pak or\u00eb na ndajn\u00eb nga inaugurimi i madh. Ju siguroj p\u00ebr di\u00e7ka, q\u00eb do t\u00eb jet\u00eb di\u00e7ka madh\u00ebshtore<\/em>.<\/p>\n\n\n\n<p><em>Do t\u00eb jet\u00eb di\u00e7ka e mrekullueshme. Kjo xhami do t\u00eb jet\u00eb burim i mir\u00ebsis\u00eb, burim i fes\u00eb s\u00eb bukur, ruajtja e tradit\u00ebs. Zoti e b\u00ebft\u00eb t\u00eb hairit dhe Zoti na ndihmoft\u00eb q\u00eb t\u00eb b\u00ebhet m\u00eb e mira.<\/em><\/p>\n\n\n\n<p><em>O zot faleminderit! Edhe e g\u00ebzofshin t\u00eb gjith\u00eb shqiptar\u00ebt dhe faleminderit t\u00eb gjith\u00eb atyre q\u00eb kan\u00eb kontribuuar, qoft\u00eb donator\u00ebt, qoft\u00eb ata t\u00eb cil\u00ebt kan\u00eb kontribuuar edhe me form\u00ebn m\u00eb t\u00eb thjesht\u00eb p\u00ebr arritjen e k\u00ebsaj dite. Zoti ju dasht\u00eb t\u00eb gjith\u00ebve dhe vet\u00ebm mir\u00ebsi e begati ju uroj!<\/em>\u201d, shprehet Teqja.<\/p>\n\n\n\n<p>Xhamia e Namazgjas\u00eb \u00ebsht\u00eb nj\u00eb investim me vler\u00eb 30 milion\u00eb euro nga Komuniteti Mysliman i Turqis\u00eb. Ka nj\u00eb kapacitet p\u00ebr 5000 persona dhe nj\u00eb sip\u00ebrfaqe prej 6000 metrash katror\u00eb.<\/p>\n\n<iframe loading=\"lazy\" width=\"560\" height=\"315\" src=\"https:\/\/www.youtube.com\/embed\/ZogEac0RIPc?si=HYK5jQWGK8TsvJ4l\" title=\"YouTube video player\" frameborder=\"0\" allow=\"accelerometer; autoplay; clipboard-write; encrypted-media; gyroscope; picture-in-picture; web-share\" referrerpolicy=\"strict-origin-when-cross-origin\" allowfullscreen><\/iframe>\n<div style=\"font-size: 0px; height: 0px; line-height: 0px; margin: 0; padding: 0; clear: both;\"><\/div>","protected":false},"excerpt":{"rendered":"<p>Teqja, i cili do t\u00eb jet\u00eb edhe kreu i bordit t\u00eb fondacionit t\u00eb p\u00ebrbashk\u00ebt, mes KMSH dhe pal\u00ebs tjet\u00ebr, q\u00eb do t\u00eb administroj\u00eb Xhamin\u00eb e Namazgjas\u00eb, i&#8230; <\/p>\n","protected":false},"author":1,"featured_media":0,"comment_status":"open","ping_status":"open","sticky":false,"template":"","format":"standard","meta":{"footnotes":""},"categories":[6],"tags":[],"class_list":["post-21783","post","type-post","status-publish","format-standard","hentry","category-lajme"],"_links":{"self":[{"href":"https:\/\/new.findnews5.com\/index.php?rest_route=\/wp\/v2\/posts\/21783","targetHints":{"allow":["GET"]}}],"collection":[{"href":"https:\/\/new.findnews5.com\/index.php?rest_route=\/wp\/v2\/posts"}],"about":[{"href":"https:\/\/new.findnews5.com\/index.php?rest_route=\/wp\/v2\/types\/post"}],"author":[{"embeddable":true,"href":"https:\/\/new.findnews5.com\/index.php?rest_route=\/wp\/v2\/users\/1"}],"replies":[{"embeddable":true,"href":"https:\/\/new.findnews5.com\/index.php?rest_route=%2Fwp%2Fv2%2Fcomments&post=21783"}],"version-history":[{"count":0,"href":"https:\/\/new.findnews5.com\/index.php?rest_route=\/wp\/v2\/posts\/21783\/revisions"}],"wp:attachment":[{"href":"https:\/\/new.findnews5.com\/index.php?rest_route=%2Fwp%2Fv2%2Fmedia&parent=21783"}],"wp:term":[{"taxonomy":"category","embeddable":true,"href":"https:\/\/new.findnews5.com\/index.php?rest_route=%2Fwp%2Fv2%2Fcategories&post=21783"},{"taxonomy":"post_tag","embeddable":true,"href":"https:\/\/new.findnews5.com\/index.php?rest_route=%2Fwp%2Fv2%2Ftags&post=21783"}],"curies":[{"name":"wp","href":"https:\/\/api.w.org\/{rel}","templated":true}]}}