{"id":21778,"date":"2024-10-12T10:20:00","date_gmt":"2024-10-12T10:20:00","guid":{"rendered":"https:\/\/new.findnews5.com\/?p=21778"},"modified":"2024-10-12T10:20:03","modified_gmt":"2024-10-12T10:20:03","slug":"21778","status":"publish","type":"post","link":"https:\/\/new.findnews5.com\/?p=21778","title":{"rendered":""},"content":{"rendered":"<div class=\"78954ae5fa42b68c1393fe3da4998882\" data-index=\"1\" style=\"float: none; margin:0px 0 0px 0; text-align:center;\">\n<div data-type=\"_mgwidget\" data-widget-id=\"1576712\">\r\n<\/div>\r\n<script>(function(w,q){w[q]=w[q]||[];w[q].push([\"_mgc.load\"])})(window,\"_mgq\");\r\n<\/script>\r\n\n<\/div>\n\n<p>Teqja, i cili do t\u00eb jet\u00eb edhe kreu i bordit t\u00eb fondacionit t\u00eb p\u00ebrbashk\u00ebt, mes KMSH dhe pal\u00ebs tjet\u00ebr, q\u00eb do t\u00eb administroj\u00eb Xhamin\u00eb e Namazgjas\u00eb, shprehet se kan\u00eb besimtar\u00ebt mysliman\u00eb kan\u00eb pritur 3 dekada p\u00ebr t\u00eb inaguruar xhamin\u00eb m\u00eb t\u00eb madhe n\u00eb vendin ton\u00eb.<\/p>\n\n\n\n<p>\u201cP\u00ebrsh\u00ebndetjet m\u00eb t\u00eb p\u00ebrzem\u00ebrta dhe selamet m\u00eb t\u00eb ngrohta t\u00eb gjith\u00eb v\u00ebllez\u00ebrve dhe motrave besimtar\u00eb shqiptar\u00eb, por jo vet\u00ebm, n\u00eb Shqip\u00ebri dhe n\u00eb t\u00eb gjith\u00eb trojet. P\u00ebr Zotin \u00ebsht\u00eb dit\u00eb e madhe sot! T\u00eb gjith\u00eb syt\u00eb e shqiptar\u00ebve dhe Shqiptaris\u00eb jan\u00eb t\u00eb drejtuara te ky event i madh q\u00eb do t\u00eb ndodhi sot. Hapja e Xhamis\u00eb s\u00eb Madhe. Mbi tre dekada q\u00eb e presim hapjen e k\u00ebsaj xhamie, nd\u00ebrtimin e k\u00ebsaj xhamie. Desh Zoti i madh q\u00eb u b\u00eb realitet. Edhe pak or\u00eb na ndajn\u00eb nga inaugurimi i madh. Ju siguroj p\u00ebr di\u00e7ka, q\u00eb do t\u00eb jet\u00eb di\u00e7ka madh\u00ebshtore.<\/p>\n\n\n\n<p>Do t\u00eb jet\u00eb di\u00e7ka e mrekullueshme. Kjo xhami do t\u00eb jet\u00eb burim i mir\u00ebsis\u00eb, burim i fes\u00eb s\u00eb bukur, ruajtja e tradit\u00ebs. Zoti e b\u00ebft\u00eb t\u00eb hairit dhe Zoti na ndihmoft\u00eb q\u00eb t\u00eb b\u00ebhet m\u00eb e mira. O zot faleminderit! Edhe e g\u00ebzofshin t\u00eb gjith\u00eb shqiptar\u00ebt dhe faleminderit t\u00eb gjith\u00eb atyre q\u00eb kan\u00eb kontribuuar, qoft\u00eb donator\u00ebt, qoft\u00eb ata t\u00eb cil\u00ebt kan\u00eb kontribuuar edhe me form\u00ebn m\u00eb t\u00eb thjesht\u00eb p\u00ebr arritjen e k\u00ebsaj dite. Zoti ju dasht\u00eb t\u00eb gjith\u00ebve dhe vet\u00ebm mir\u00ebsi e begati ju uroj!\u201d, shprehet Teqja.<\/p>\n\n\n\n<p>Xhamia e Namazgjas\u00eb \u00ebsht\u00eb nj\u00eb investim me vler\u00eb 30 milion\u00eb euro nga Komuniteti Mysliman i Turqis\u00eb. Ajo ka nj\u00eb kapacitet p\u00ebr 5000 persona dhe nj\u00eb sip\u00ebrfaqe prej 6000 metrash katror\u00eb.https:\/\/www.instagram.com\/reel\/DA8TSAvtoBB\/embed\/captioned\/?cr=1&amp;v=14&amp;wp=890&amp;rd=https%3A%2F%2Flexo.al&amp;rp=%2F2024%2F10%2Fpamje-te-jashtezakonshme-per-shqiperine-ja-si-duket-xhamia-e-namazgjase-nga-brenda%2F#%7B%22ci%22%3A0%2C%22os%22%3A2625.199999988079%2C%22ls%22%3A2000.699999988079%2C%22le%22%3A2617.199999988079%7D<\/p>\n\n<div style=\"font-size: 0px; height: 0px; line-height: 0px; margin: 0; padding: 0; clear: both;\"><\/div>","protected":false},"excerpt":{"rendered":"<p>Teqja, i cili do t\u00eb jet\u00eb edhe kreu i bordit t\u00eb fondacionit t\u00eb p\u00ebrbashk\u00ebt, mes KMSH dhe pal\u00ebs tjet\u00ebr, q\u00eb do t\u00eb administroj\u00eb Xhamin\u00eb e Namazgjas\u00eb, shprehet&#8230; <\/p>\n","protected":false},"author":1,"featured_media":0,"comment_status":"open","ping_status":"open","sticky":false,"template":"","format":"standard","meta":{"footnotes":""},"categories":[6],"tags":[],"class_list":["post-21778","post","type-post","status-publish","format-standard","hentry","category-lajme"],"_links":{"self":[{"href":"https:\/\/new.findnews5.com\/index.php?rest_route=\/wp\/v2\/posts\/21778","targetHints":{"allow":["GET"]}}],"collection":[{"href":"https:\/\/new.findnews5.com\/index.php?rest_route=\/wp\/v2\/posts"}],"about":[{"href":"https:\/\/new.findnews5.com\/index.php?rest_route=\/wp\/v2\/types\/post"}],"author":[{"embeddable":true,"href":"https:\/\/new.findnews5.com\/index.php?rest_route=\/wp\/v2\/users\/1"}],"replies":[{"embeddable":true,"href":"https:\/\/new.findnews5.com\/index.php?rest_route=%2Fwp%2Fv2%2Fcomments&post=21778"}],"version-history":[{"count":0,"href":"https:\/\/new.findnews5.com\/index.php?rest_route=\/wp\/v2\/posts\/21778\/revisions"}],"wp:attachment":[{"href":"https:\/\/new.findnews5.com\/index.php?rest_route=%2Fwp%2Fv2%2Fmedia&parent=21778"}],"wp:term":[{"taxonomy":"category","embeddable":true,"href":"https:\/\/new.findnews5.com\/index.php?rest_route=%2Fwp%2Fv2%2Fcategories&post=21778"},{"taxonomy":"post_tag","embeddable":true,"href":"https:\/\/new.findnews5.com\/index.php?rest_route=%2Fwp%2Fv2%2Ftags&post=21778"}],"curies":[{"name":"wp","href":"https:\/\/api.w.org\/{rel}","templated":true}]}}