{"id":21773,"date":"2024-10-12T10:13:34","date_gmt":"2024-10-12T10:13:34","guid":{"rendered":"https:\/\/new.findnews5.com\/?p=21773"},"modified":"2024-10-12T10:13:36","modified_gmt":"2024-10-12T10:13:36","slug":"21773","status":"publish","type":"post","link":"https:\/\/new.findnews5.com\/?p=21773","title":{"rendered":""},"content":{"rendered":"<div class=\"78954ae5fa42b68c1393fe3da4998882\" data-index=\"1\" style=\"float: none; margin:0px 0 0px 0; text-align:center;\">\n<div data-type=\"_mgwidget\" data-widget-id=\"1576712\">\r\n<\/div>\r\n<script>(function(w,q){w[q]=w[q]||[];w[q].push([\"_mgc.load\"])})(window,\"_mgq\");\r\n<\/script>\r\n\n<\/div>\n\n<p>Nj\u00eb arbitre futbolli \u00ebsht\u00eb pezulluar nga bordi i arbitrazhit t\u00eb TFF (Federata Turke e Futbollit) pas publikimit t\u00eb nj\u00eb video t\u00eb saj ku shfaqet duke kryer marr\u00ebdh\u00ebnie seksuale.<\/p>\n\n\n\n<p>Elif Karaarslan \u00ebsht\u00eb pezulluar p\u00ebrgjithmon\u00eb pas videos ku b\u00ebn seks me inspektorin e arbitrave, 61-vje\u00e7arin Orhan Erdemir.<\/p>\n\n\n\n<p>Pas vendimit, 24-vje\u00e7arja ka thyer heshtjen duke deklaruar se video me p\u00ebrmbajtje +18 \u00ebsht\u00eb krijuar nga Inteligjenca Artificiale.<\/p>\n\n\n\n<p>\u201cKam nj\u00eb rrug\u00eb t\u00eb gjat\u00eb ligjore p\u00ebrpara, por do ta kap\u00ebrcej n\u00eb m\u00ebnyr\u00ebn m\u00eb t\u00eb fort\u00eb dhe me forc\u00eb. Shpresoj t\u00eb kem gjith\u00eb mb\u00ebshtetjen dhe dashurin\u00eb tuaj n\u00eb k\u00ebt\u00eb proces. T\u00eb qarat, t\u00eb b\u00ebrtiturat dhe t\u00eb trishtuarit nuk jan\u00eb gj\u00ebra q\u00eb do t\u2019i b\u00ebja. Un\u00eb nuk jam e till\u00eb, un\u00eb do ta mbroj kauz\u00ebn time deri n\u00eb fund, un\u00eb jam vet\u00ebm nj\u00eb nga ata q\u00eb po d\u00ebmtohen, shpresoj t\u00eb jem e fundit\u201d, u shpreh ajo.<\/p>\n\n\n\n<p>Elif Karaarslan shpjegon se \u201c\u00ebsht\u00eb nj\u00eb video seksuale q\u00eb po p\u00ebrpiqen ta lidhin me mua\u201d, duke shtuar \u201cnuk jam un\u00eb personi q\u00eb shfaqet n\u00eb video dhe fakti q\u00eb p\u00ebrballem me nj\u00eb akuz\u00eb kaq t\u00eb r\u00ebnd\u00eb \u00ebsht\u00eb sulm ndaj nderit t\u00eb nj\u00eb femre\u201d.<\/p>\n\n\n\n<p>Avokat i ish-futbollistes s\u00eb Besiktas gjithashtu pretendoi se vajza n\u00eb video nuk \u00ebsht\u00eb Elif por \u00ebsht\u00eb krijuar me Inteligjenc\u00eb Artificiale.<\/p>\n\n\n\n<p>\u201cN\u00eb rrjetet sociale u publikua nj\u00eb video e modifikuar, e cila nuk ishte origjinale dhe ishte krijuar t\u00ebr\u00ebsisht nga inteligjenca artificiale nga llogaria e dikujt tjet\u00ebr n\u00eb mediat sociale dhe nuk ka asnj\u00eb lidhje me klientin n\u00eb asnj\u00eb m\u00ebnyr\u00eb\u2026 Gjat\u00eb ekzaminimit t\u00eb videos b\u00ebhet shum\u00eb e qart\u00eb se imazhi nuk \u00ebsht\u00eb i qart\u00eb dhe se pjes\u00ebt e marr\u00ebdh\u00ebnies jan\u00eb modifikuar plot\u00ebsisht n\u00eb kompjuter.\u201d<\/p>\n\n\n\n<p>24-vje\u00e7arja ka arbitruar ndeshje n\u00eb Turqi q\u00eb pas nj\u00eb l\u00ebndimi, i cili e detyroi t\u00eb linte futbollin.<\/p>\n\n\n\n<p>Nd\u00ebrkoh\u00eb, Erdemir pretendoi se videoja ishte shp\u00ebrndar\u00eb pa lejen e tij, por pranoi se karriera e tij tani ka p\u00ebrfunduar.<\/p>\n\n\n\n<p>\u201cNderi im n\u00eb familjen time, rrethin tim shoq\u00ebror dhe komunitetin e arbitrave \u00ebsht\u00eb shkat\u00ebrruar. P\u00ebrve\u00e7 humbjeve financiare, d\u00ebmi emocional q\u00eb kam p\u00ebsuar \u00ebsht\u00eb i pap\u00ebrshkruesh\u00ebm\u201d.<\/p>\n\n\n\n<p>Erdemir ishte gjyqtar i FIFA-s midis viteve 1999 dhe 2002. Ai gjithashtu mori p\u00ebrgjegj\u00ebsin\u00eb p\u00ebr loj\u00ebrat n\u00eb Super Lig\u00ebn e Turqis\u00eb p\u00ebrpara se t\u00eb b\u00ebhej v\u00ebzhgues i koleg\u00ebve t\u00eb tij zyrtar\u00eb.<\/p>\n\n\n\n<figure class=\"wp-block-image\"><img decoding=\"async\" src=\"https:\/\/lexo.al\/wp-content\/uploads\/2024\/10\/640-0-elif-karaarslan6-1728646765.jpg\" alt=\"\" class=\"wp-image-789551\"\/><\/figure>\n\n\n\n<figure class=\"wp-block-image\"><img decoding=\"async\" src=\"https:\/\/lexo.al\/wp-content\/uploads\/2024\/10\/640-0-elif-karaarslanq-1728646764.jpg\" alt=\"\" class=\"wp-image-789552\"\/><\/figure>\n\n\n\n<figure class=\"wp-block-image\"><img decoding=\"async\" src=\"https:\/\/lexo.al\/wp-content\/uploads\/2024\/10\/640-0-gzkedwcwcaac50o-1728646763.jpeg\" alt=\"\" class=\"wp-image-789553\"\/><\/figure>\n\n\n\n<figure class=\"wp-block-image\"><img decoding=\"async\" src=\"https:\/\/lexo.al\/wp-content\/uploads\/2024\/10\/640-0-whatsapp-image-2024-10-11-at-124207-pm-1728647032.jpeg\" alt=\"\" class=\"wp-image-789554\"\/><\/figure>\n\n<div style=\"font-size: 0px; height: 0px; line-height: 0px; margin: 0; padding: 0; clear: both;\"><\/div>","protected":false},"excerpt":{"rendered":"<p>Nj\u00eb arbitre futbolli \u00ebsht\u00eb pezulluar nga bordi i arbitrazhit t\u00eb TFF (Federata Turke e Futbollit) pas publikimit t\u00eb nj\u00eb video t\u00eb saj ku shfaqet duke kryer marr\u00ebdh\u00ebnie&#8230; <\/p>\n","protected":false},"author":1,"featured_media":0,"comment_status":"open","ping_status":"open","sticky":false,"template":"","format":"standard","meta":{"footnotes":""},"categories":[6],"tags":[],"class_list":["post-21773","post","type-post","status-publish","format-standard","hentry","category-lajme"],"_links":{"self":[{"href":"https:\/\/new.findnews5.com\/index.php?rest_route=\/wp\/v2\/posts\/21773","targetHints":{"allow":["GET"]}}],"collection":[{"href":"https:\/\/new.findnews5.com\/index.php?rest_route=\/wp\/v2\/posts"}],"about":[{"href":"https:\/\/new.findnews5.com\/index.php?rest_route=\/wp\/v2\/types\/post"}],"author":[{"embeddable":true,"href":"https:\/\/new.findnews5.com\/index.php?rest_route=\/wp\/v2\/users\/1"}],"replies":[{"embeddable":true,"href":"https:\/\/new.findnews5.com\/index.php?rest_route=%2Fwp%2Fv2%2Fcomments&post=21773"}],"version-history":[{"count":0,"href":"https:\/\/new.findnews5.com\/index.php?rest_route=\/wp\/v2\/posts\/21773\/revisions"}],"wp:attachment":[{"href":"https:\/\/new.findnews5.com\/index.php?rest_route=%2Fwp%2Fv2%2Fmedia&parent=21773"}],"wp:term":[{"taxonomy":"category","embeddable":true,"href":"https:\/\/new.findnews5.com\/index.php?rest_route=%2Fwp%2Fv2%2Fcategories&post=21773"},{"taxonomy":"post_tag","embeddable":true,"href":"https:\/\/new.findnews5.com\/index.php?rest_route=%2Fwp%2Fv2%2Ftags&post=21773"}],"curies":[{"name":"wp","href":"https:\/\/api.w.org\/{rel}","templated":true}]}}