{"id":21727,"date":"2024-10-11T08:36:38","date_gmt":"2024-10-11T08:36:38","guid":{"rendered":"https:\/\/new.findnews5.com\/?p=21727"},"modified":"2024-10-11T08:36:39","modified_gmt":"2024-10-11T08:36:39","slug":"piloti-nderroi-jete-ne-mes-te-fluturimit-bashkepiloti-kryen-uljen-emergjente","status":"publish","type":"post","link":"https:\/\/new.findnews5.com\/?p=21727","title":{"rendered":"Piloti nd\u00ebrroi jet\u00eb n\u00eb mes t\u00eb fluturimit, bashk\u00ebpiloti kryen uljen emergjente"},"content":{"rendered":"<div class=\"78954ae5fa42b68c1393fe3da4998882\" data-index=\"1\" style=\"float: none; margin:0px 0 0px 0; text-align:center;\">\n<div data-type=\"_mgwidget\" data-widget-id=\"1576712\">\r\n<\/div>\r\n<script>(function(w,q){w[q]=w[q]||[];w[q].push([\"_mgc.load\"])})(window,\"_mgq\");\r\n<\/script>\r\n\n<\/div>\n\n<p>Nj\u00eb incident tragjik ndodhi gjat\u00eb nj\u00eb fluturimi nga Seattle drejt Stambollit, ku piloti 59-vje\u00e7ar, Ilcehin Pehlivan, nd\u00ebrroi jet\u00eb n\u00eb mes t\u00eb fluturimit, duke detyruar bashk\u00ebpilotin t\u00eb kryejn\u00eb nj\u00eb ulje emergjente n\u00eb aeroportin JFK, New York.<\/p>\n\n\n\n<p>Sipas raportimeve, fluturimi kishte p\u00ebrshkuar rreth tet\u00eb or\u00eb kur u mor vendimi p\u00ebr uljen emergjente. P\u00ebrpjekjet p\u00ebr t\u2019i dh\u00ebn\u00eb ndihm\u00ebn e par\u00eb kapitenit Pehlivan ishin t\u00eb pasuksesshme, dhe p\u00ebr fat t\u00eb keq, ai nd\u00ebrroi jet\u00eb para se avioni t\u00eb prekte tok\u00ebn.<\/p>\n\n\n\n<p>Nj\u00eb z\u00ebdh\u00ebn\u00ebs i linj\u00ebs ajrore tha: \u201cPiloti i fluturimit TK204 me Airbus 350 nga Seattle n\u00eb Stamboll p\u00ebsoi nj\u00eb kolaps gjat\u00eb fluturimit. Pavar\u00ebsisht p\u00ebrpjekjeve p\u00ebr ndihm\u00eb t\u00eb shpejt\u00eb, ai nd\u00ebrroi jet\u00eb para uljes emergjente.\u201d<\/p>\n\n\n\n<p>Kapiteni Pehlivan kishte sh\u00ebrbyer p\u00ebr Turkish Airlines q\u00eb nga viti 2007 dhe gjat\u00eb kontrolleve t\u00eb fundit sh\u00ebndet\u00ebsore nuk ishte konstatuar asnj\u00eb problem q\u00eb mund t\u00eb ndikonte n\u00eb pun\u00ebn e tij.<\/p>\n\n\n\n<p>Z\u00ebdh\u00ebn\u00ebsi i linj\u00ebs ajrore shprehu ngush\u00ebllimet: \u201cI shprehim m\u00ebshir\u00ebn e Zotit kapitenit ton\u00eb dhe durim familjes s\u00eb tij t\u00eb pik\u00eblluar, koleg\u00ebve dhe t\u00eb dashurve t\u00eb tij.\u201d<\/p>\n\n\n\n<p>Shkaku i vdekjes s\u00eb kapitenit nuk \u00ebsht\u00eb konfirmuar ende.<\/p>\n\n<div style=\"font-size: 0px; height: 0px; line-height: 0px; margin: 0; padding: 0; clear: both;\"><\/div>","protected":false},"excerpt":{"rendered":"<p>Nj\u00eb incident tragjik ndodhi gjat\u00eb nj\u00eb fluturimi nga Seattle drejt Stambollit, ku piloti 59-vje\u00e7ar, Ilcehin Pehlivan, nd\u00ebrroi jet\u00eb n\u00eb mes t\u00eb fluturimit, duke detyruar bashk\u00ebpilotin t\u00eb kryejn\u00eb&#8230; <\/p>\n","protected":false},"author":1,"featured_media":21728,"comment_status":"open","ping_status":"open","sticky":false,"template":"","format":"standard","meta":{"footnotes":""},"categories":[6],"tags":[],"class_list":["post-21727","post","type-post","status-publish","format-standard","has-post-thumbnail","hentry","category-lajme"],"_links":{"self":[{"href":"https:\/\/new.findnews5.com\/index.php?rest_route=\/wp\/v2\/posts\/21727","targetHints":{"allow":["GET"]}}],"collection":[{"href":"https:\/\/new.findnews5.com\/index.php?rest_route=\/wp\/v2\/posts"}],"about":[{"href":"https:\/\/new.findnews5.com\/index.php?rest_route=\/wp\/v2\/types\/post"}],"author":[{"embeddable":true,"href":"https:\/\/new.findnews5.com\/index.php?rest_route=\/wp\/v2\/users\/1"}],"replies":[{"embeddable":true,"href":"https:\/\/new.findnews5.com\/index.php?rest_route=%2Fwp%2Fv2%2Fcomments&post=21727"}],"version-history":[{"count":0,"href":"https:\/\/new.findnews5.com\/index.php?rest_route=\/wp\/v2\/posts\/21727\/revisions"}],"wp:featuredmedia":[{"embeddable":true,"href":"https:\/\/new.findnews5.com\/index.php?rest_route=\/wp\/v2\/media\/21728"}],"wp:attachment":[{"href":"https:\/\/new.findnews5.com\/index.php?rest_route=%2Fwp%2Fv2%2Fmedia&parent=21727"}],"wp:term":[{"taxonomy":"category","embeddable":true,"href":"https:\/\/new.findnews5.com\/index.php?rest_route=%2Fwp%2Fv2%2Fcategories&post=21727"},{"taxonomy":"post_tag","embeddable":true,"href":"https:\/\/new.findnews5.com\/index.php?rest_route=%2Fwp%2Fv2%2Ftags&post=21727"}],"curies":[{"name":"wp","href":"https:\/\/api.w.org\/{rel}","templated":true}]}}