{"id":21724,"date":"2024-10-11T08:33:58","date_gmt":"2024-10-11T08:33:58","guid":{"rendered":"https:\/\/new.findnews5.com\/?p=21724"},"modified":"2024-10-11T08:34:01","modified_gmt":"2024-10-11T08:34:01","slug":"a-eshte-ne-lidhje-me-bes-kallakun-ish-banorja-e-bbv-thyen-heshtjen","status":"publish","type":"post","link":"https:\/\/new.findnews5.com\/?p=21724","title":{"rendered":"A \u00ebsht\u00eb n\u00eb lidhje me Bes Kallakun? Ish-banorja e \u2018BBV\u2019 thyen heshtjen"},"content":{"rendered":"<div class=\"78954ae5fa42b68c1393fe3da4998882\" data-index=\"1\" style=\"float: none; margin:0px 0 0px 0; text-align:center;\">\n<div data-type=\"_mgwidget\" data-widget-id=\"1576712\">\r\n<\/div>\r\n<script>(function(w,q){w[q]=w[q]||[];w[q].push([\"_mgc.load\"])})(window,\"_mgq\");\r\n<\/script>\r\n\n<\/div>\n\n<p>Efi Dhedhes ka dh\u00ebn\u00eb nj\u00eb intervist\u00eb p\u00ebr emisionin \u201cPardon My French\u201d, ku ka folur p\u00ebr jet\u00ebn private dhe at\u00eb profesionale. Ish-banorja e \u201cBig Brother VIP 2\u201d, i vuri kapakun thashethemeve se \u00ebsht\u00eb n\u00eb nj\u00eb njohje me aktorin e humorit, Bes Kallaku. Efi u shpreh se nuk e njeh personalisht Besin, nd\u00ebrsa shtoi se nuk do t\u00eb flas\u00eb m\u00eb p\u00ebr jet\u00ebn e saj personale.<\/p>\n\n\n\n<p>\u201cKam qejf t\u00eb b\u00ebj di\u00e7ka timen, e shoh veten edhe n\u00eb gj\u00ebra q\u00eb kan\u00eb t\u00eb b\u00ebjn\u00eb me humorin. Nj\u00eb nga gj\u00ebrat q\u00eb dua t\u00eb b\u00ebj \u00ebsht\u00eb q\u00eb t\u00eb b\u00ebhem psikologe p\u00ebr t\u00eb ardhmen. Kam nj\u00eb lloj z\u00ebri q\u00eb mund t\u00eb d\u00ebgjohem dhe jam e lumtur q\u00eb nga ai Big Brother un\u00eb d\u00ebgjohem. Ka akoma njer\u00ebz q\u00eb kan\u00eb mbetur 2 vite pas, q\u00eb ofendojn\u00eb, por jan\u00eb t\u00eb pakt\u00eb. Mua nuk m\u00eb prek m\u00eb asgj\u00eb.<\/p>\n\n\n\n<p>N\u00eb takimin tim t\u00eb par\u00eb me psikologen m\u00eb ka th\u00ebn\u00eb q\u00eb n\u00eb momentin q\u00eb miqt\u00eb e tu nuk b\u00ebjn\u00eb t\u00eb nj\u00ebjt\u00ebn ecje me ty, do ndodh\u00eb vetvetiu q\u00eb nuk do kuptoheni me. Mua m\u00eb ka ndodhur me shoqe. Q\u00eb tani pas fam\u00ebs, m\u00eb \u00ebsht\u00eb dashur ta mbaj k\u00ebt\u00eb.<\/p>\n\n\n\n<p>Lajmi q\u00eb ka m\u00eb ka habitur \u00ebsht\u00eb nj\u00eb lajm p\u00ebr Bes Kallakun, kishte dal nj\u00eb lajm q\u00eb un\u00eb isha n\u00eb njohje, m\u00eb lidh\u00ebn me Besin. Kjo ishte gj\u00ebja m\u00eb ekstreme. Un\u00eb nuk e njoh personalisht. Un\u00eb sot deklaroj dhe them q\u00eb kurr\u00eb me nuk do flas m\u00eb p\u00ebr jet\u00ebn time personale. P\u00ebr burr\u00eb nuk \u00ebsht\u00eb se jam n\u00eb k\u00ebrkim\u201d, u shpreh Efi.<\/p>\n\n<div style=\"font-size: 0px; height: 0px; line-height: 0px; margin: 0; padding: 0; clear: both;\"><\/div>","protected":false},"excerpt":{"rendered":"<p>Efi Dhedhes ka dh\u00ebn\u00eb nj\u00eb intervist\u00eb p\u00ebr emisionin \u201cPardon My French\u201d, ku ka folur p\u00ebr jet\u00ebn private dhe at\u00eb profesionale. Ish-banorja e \u201cBig Brother VIP 2\u201d, i&#8230; <\/p>\n","protected":false},"author":1,"featured_media":21725,"comment_status":"open","ping_status":"open","sticky":false,"template":"","format":"standard","meta":{"footnotes":""},"categories":[6],"tags":[],"class_list":["post-21724","post","type-post","status-publish","format-standard","has-post-thumbnail","hentry","category-lajme"],"_links":{"self":[{"href":"https:\/\/new.findnews5.com\/index.php?rest_route=\/wp\/v2\/posts\/21724","targetHints":{"allow":["GET"]}}],"collection":[{"href":"https:\/\/new.findnews5.com\/index.php?rest_route=\/wp\/v2\/posts"}],"about":[{"href":"https:\/\/new.findnews5.com\/index.php?rest_route=\/wp\/v2\/types\/post"}],"author":[{"embeddable":true,"href":"https:\/\/new.findnews5.com\/index.php?rest_route=\/wp\/v2\/users\/1"}],"replies":[{"embeddable":true,"href":"https:\/\/new.findnews5.com\/index.php?rest_route=%2Fwp%2Fv2%2Fcomments&post=21724"}],"version-history":[{"count":0,"href":"https:\/\/new.findnews5.com\/index.php?rest_route=\/wp\/v2\/posts\/21724\/revisions"}],"wp:featuredmedia":[{"embeddable":true,"href":"https:\/\/new.findnews5.com\/index.php?rest_route=\/wp\/v2\/media\/21725"}],"wp:attachment":[{"href":"https:\/\/new.findnews5.com\/index.php?rest_route=%2Fwp%2Fv2%2Fmedia&parent=21724"}],"wp:term":[{"taxonomy":"category","embeddable":true,"href":"https:\/\/new.findnews5.com\/index.php?rest_route=%2Fwp%2Fv2%2Fcategories&post=21724"},{"taxonomy":"post_tag","embeddable":true,"href":"https:\/\/new.findnews5.com\/index.php?rest_route=%2Fwp%2Fv2%2Ftags&post=21724"}],"curies":[{"name":"wp","href":"https:\/\/api.w.org\/{rel}","templated":true}]}}