{"id":21721,"date":"2024-10-11T08:32:01","date_gmt":"2024-10-11T08:32:01","guid":{"rendered":"https:\/\/new.findnews5.com\/?p=21721"},"modified":"2024-10-11T08:32:04","modified_gmt":"2024-10-11T08:32:04","slug":"denohet-me-burg-luiz-ejlli","status":"publish","type":"post","link":"https:\/\/new.findnews5.com\/?p=21721","title":{"rendered":"D\u00ebnohet me burg Luiz Ejlli"},"content":{"rendered":"<div class=\"78954ae5fa42b68c1393fe3da4998882\" data-index=\"1\" style=\"float: none; margin:0px 0 0px 0; text-align:center;\">\n<div data-type=\"_mgwidget\" data-widget-id=\"1576712\">\r\n<\/div>\r\n<script>(function(w,q){w[q]=w[q]||[];w[q].push([\"_mgc.load\"])})(window,\"_mgq\");\r\n<\/script>\r\n\n<\/div>\n\n<p>Gjykata e Fierit ka d\u00ebnuar me 1 vit burg k\u00ebng\u00ebtarin Luiz Ejlli pasi \u00ebsht\u00eb shpallur fajtor p\u00ebr falsifikimin e nj\u00eb deklarate noteriale.<\/p>\n\n\n\n<p>K\u00ebng\u00ebtari shkodran akuzohet se ka falsifikuar nj\u00eb dokument p\u00ebr t\u00eb justifikuar parat\u00eb e Fatmir Abdurramanit, i cili gjithashtu u d\u00ebnua me 18 muaj burg p\u00ebr hartimin e deklarat\u00ebs noteriale.<\/p>\n\n\n\n<p>Vendimi u dha m\u00eb 2 tetor 2024, dhe ndodhi n\u00eb nj\u00eb koh\u00eb kur Ejlli, pavar\u00ebsisht se i ishte hequr licenca nga Ministria e Drejt\u00ebsis\u00eb, ishte ende n\u00eb posedim t\u00eb vulave t\u00eb noterit.<\/p>\n\n\n\n<p>Ngjarja ka origjin\u00ebn n\u00eb vitin 2021, kur prokuroria nisi hetimet p\u00ebr t\u00eb k\u00ebrkuar sekuestrimin e pasurive t\u00eb Fatmir Abdurramanit, duke e akuzuar at\u00eb p\u00ebr pasuri t\u00eb pajustifikuara me burime ligjore.<\/p>\n\n\n\n<p>Vendimi i plot\u00eb:<\/p>\n\n\n\n<p>N\u00eb kuad\u00ebr t\u00eb hetimeve t\u00eb iniciuara nga ish Prokuroria pran\u00eb Gjykat\u00ebs s\u00eb Shkall\u00ebs s\u00eb Par\u00eb Juridiksionit t\u00eb P\u00ebrgjithsh\u00ebm Lushnj\u00eb mbi procedimit penal nr. 388, t\u00eb vitit 2022, me t\u00eb pandehur, shtetasit Luzi Ejlli dhe Fatmir Abdurramani, rezultoi e provuar se i pandehuri Fatmir Abdurramani., n\u00eb bashk\u00ebpunim me t\u00eb pandehurin Luiz Ejlli ish-noter, kan\u00eb falsifikuar deklarat\u00ebn noteriale, t\u00eb cil\u00ebn i pandehuri Fatmir Abdurramani, e ka p\u00ebrdorur n\u00eb Prokurori, p\u00ebr t\u00eb justifikuar burimin e krijimit t\u00eb pasurive t\u00eb tij, t\u00eb sekuestruara n\u00eb kuad\u00ebr t\u00eb hetimeve t\u00eb procedimin pasuror nr. 3 t\u00eb vitit 2021, t\u00eb ish Prokuroris\u00eb pran\u00eb Gjykat\u00ebs s\u00eb Shkall\u00ebs s\u00eb Par\u00eb Juridiksionit t\u00eb P\u00ebrgjithsh\u00ebm Lushnj\u00eb.<\/p>\n\n\n\n<p>Deklarat noteriale e hartuar nga i pandehuri Luzi Ejlli, ishte falsifikuar n\u00eb p\u00ebrmbajtjen e saj, por mbante n\u00ebnshkrimin e k\u00ebtij t\u00eb fundit. U provua se, me t\u00eb nj\u00ebjt\u00ebn dat\u00eb, num\u00ebr repertori e koleksioni q\u00eb mbante kjo deklarat\u00eb noteriale, n\u00eb regjistrin e ish noterit Luzi Ejlli. dhe n\u00eb arkiv\u00ebn e akteve noteriale t\u00eb hartuara prej tij, n\u00eb vitin 2015, ekziston nj\u00eb deklarat\u00eb noteriale me pal\u00eb t\u00eb ndryshme.<\/p>\n\n\n\n<p>Konkretisht, i pandehuri Luiz Ejlli, megjith\u00ebse i ishte hequr licensa nga Ministria e Drejt\u00ebsis\u00eb, duke qen\u00eb ende n\u00eb posedim t\u00eb vulave t\u00eb noterit, n\u00eb bashk\u00ebpunim me t\u00eb pandehurin , kan\u00eb krijuar deklarat\u00ebn noteriale me t\u00eb dh\u00ebna t\u00eb pav\u00ebrteta, dhe m\u00eb pas i pandehuri Fatmir Abdurramani., n\u00eb dat\u00ebn 25.02.2022, e ka dor\u00ebzuar k\u00ebt\u00eb deklarat\u00eb noteriale n\u00eb ish-Prokurorin\u00eb Lushnj\u00eb\u2019 informon prokuroria e Fierit.<\/p>\n\n<div style=\"font-size: 0px; height: 0px; line-height: 0px; margin: 0; padding: 0; clear: both;\"><\/div>","protected":false},"excerpt":{"rendered":"<p>Gjykata e Fierit ka d\u00ebnuar me 1 vit burg k\u00ebng\u00ebtarin Luiz Ejlli pasi \u00ebsht\u00eb shpallur fajtor p\u00ebr falsifikimin e nj\u00eb deklarate noteriale. K\u00ebng\u00ebtari shkodran akuzohet se ka&#8230; <\/p>\n","protected":false},"author":1,"featured_media":21722,"comment_status":"open","ping_status":"open","sticky":false,"template":"","format":"standard","meta":{"footnotes":""},"categories":[6],"tags":[],"class_list":["post-21721","post","type-post","status-publish","format-standard","has-post-thumbnail","hentry","category-lajme"],"_links":{"self":[{"href":"https:\/\/new.findnews5.com\/index.php?rest_route=\/wp\/v2\/posts\/21721","targetHints":{"allow":["GET"]}}],"collection":[{"href":"https:\/\/new.findnews5.com\/index.php?rest_route=\/wp\/v2\/posts"}],"about":[{"href":"https:\/\/new.findnews5.com\/index.php?rest_route=\/wp\/v2\/types\/post"}],"author":[{"embeddable":true,"href":"https:\/\/new.findnews5.com\/index.php?rest_route=\/wp\/v2\/users\/1"}],"replies":[{"embeddable":true,"href":"https:\/\/new.findnews5.com\/index.php?rest_route=%2Fwp%2Fv2%2Fcomments&post=21721"}],"version-history":[{"count":0,"href":"https:\/\/new.findnews5.com\/index.php?rest_route=\/wp\/v2\/posts\/21721\/revisions"}],"wp:featuredmedia":[{"embeddable":true,"href":"https:\/\/new.findnews5.com\/index.php?rest_route=\/wp\/v2\/media\/21722"}],"wp:attachment":[{"href":"https:\/\/new.findnews5.com\/index.php?rest_route=%2Fwp%2Fv2%2Fmedia&parent=21721"}],"wp:term":[{"taxonomy":"category","embeddable":true,"href":"https:\/\/new.findnews5.com\/index.php?rest_route=%2Fwp%2Fv2%2Fcategories&post=21721"},{"taxonomy":"post_tag","embeddable":true,"href":"https:\/\/new.findnews5.com\/index.php?rest_route=%2Fwp%2Fv2%2Ftags&post=21721"}],"curies":[{"name":"wp","href":"https:\/\/api.w.org\/{rel}","templated":true}]}}