{"id":21712,"date":"2024-10-11T08:26:17","date_gmt":"2024-10-11T08:26:17","guid":{"rendered":"https:\/\/new.findnews5.com\/?p=21712"},"modified":"2024-10-11T08:26:23","modified_gmt":"2024-10-11T08:26:23","slug":"e-kam-vr-are-me-doren-time-rrefimi-prekes-i-babait-te-24-vjecares-qe-u-mbyt-nga-burri-ne-itali-u-kthye-prape-tek-ai-pas-divorcit","status":"publish","type":"post","link":"https:\/\/new.findnews5.com\/?p=21712","title":{"rendered":"\u201cE kam vr ar\u00eb me dor\u00ebn time\u201d, rr\u00ebfimi prek\u00ebs i babait t\u00eb 24-vje\u00e7ares q\u00eb u mbyt nga burri n\u00eb Itali: U kthye prap\u00eb tek ai pas divorcit!"},"content":{"rendered":"<div class=\"78954ae5fa42b68c1393fe3da4998882\" data-index=\"1\" style=\"float: none; margin:0px 0 0px 0; text-align:center;\">\n<div data-type=\"_mgwidget\" data-widget-id=\"1576712\">\r\n<\/div>\r\n<script>(function(w,q){w[q]=w[q]||[];w[q].push([\"_mgc.load\"])})(window,\"_mgq\");\r\n<\/script>\r\n\n<\/div>\n\n<p>Met Gjura, babai i Eleonora Trocit, 24-vje\u00e7ares q\u00eb u mbyt nga burri n\u00eb prani t\u00eb f\u00ebmij\u00ebve n\u00eb or\u00ebt e para t\u00eb m\u00ebngjesit t\u00eb s\u00eb m\u00ebrkur\u00ebs njihet nga t\u00eb gjith\u00eb si nj\u00eb burr\u00eb i urt\u00eb dhe n\u00eb pun\u00eb t\u00eb vet.<\/p>\n\n\n\n<p>Babai i s\u00eb res\u00eb ka treguar se ishin divorcuar para disa muajsh, por ishte kthyer s\u00ebrish me ish-bashk\u00ebshortin pasi pleqt\u00eb kishin ardhur dhe kishin k\u00ebrkuar pajtim.<\/p>\n\n\n\n<p>\u201cE kam vrar\u00eb un\u00eb me dor\u00ebn time se nuk duhet ta kisha dh\u00ebn\u00eb pasi u b\u00eb divorci. E d\u00ebrgova p\u00ebr s\u00eb dyti tek ai burr\u00eb. U b\u00ebra sebep se erdhi miq\u00ebsia p\u00ebr ta dh\u00ebn\u00eb te kjo familje\u201d, tha ai p\u00ebr gazetarin Do\u00e7i.<\/p>\n\n\n\n<p>T\u00eb gjitha banor\u00ebt flasin fjal\u00ebt m\u00eb t\u00eb mira p\u00ebr familjen e 24-vje\u00e7ares dhe vet\u00eb t\u00eb ren\u00eb q\u00eb e njihnin si nj\u00eb vajz\u00eb t\u00eb urt\u00eb q\u00eb kujdesej p\u00ebr f\u00ebmij\u00ebt pavar\u00ebsisht v\u00ebshtir\u00ebsive ekonomike.<\/p>\n\n\n\n<p>Ngjarja e r\u00ebnd\u00eb ndodhi n\u00eb Caserta, Itali, ku viktima kishte vet\u00ebm dy muaj q\u00eb i ishte bashkuar ish-burrit.<\/p>\n\n<div style=\"font-size: 0px; height: 0px; line-height: 0px; margin: 0; padding: 0; clear: both;\"><\/div>","protected":false},"excerpt":{"rendered":"<p>Met Gjura, babai i Eleonora Trocit, 24-vje\u00e7ares q\u00eb u mbyt nga burri n\u00eb prani t\u00eb f\u00ebmij\u00ebve n\u00eb or\u00ebt e para t\u00eb m\u00ebngjesit t\u00eb s\u00eb m\u00ebrkur\u00ebs njihet nga&#8230; <\/p>\n","protected":false},"author":1,"featured_media":21713,"comment_status":"open","ping_status":"open","sticky":false,"template":"","format":"standard","meta":{"footnotes":""},"categories":[6],"tags":[],"class_list":["post-21712","post","type-post","status-publish","format-standard","has-post-thumbnail","hentry","category-lajme"],"_links":{"self":[{"href":"https:\/\/new.findnews5.com\/index.php?rest_route=\/wp\/v2\/posts\/21712","targetHints":{"allow":["GET"]}}],"collection":[{"href":"https:\/\/new.findnews5.com\/index.php?rest_route=\/wp\/v2\/posts"}],"about":[{"href":"https:\/\/new.findnews5.com\/index.php?rest_route=\/wp\/v2\/types\/post"}],"author":[{"embeddable":true,"href":"https:\/\/new.findnews5.com\/index.php?rest_route=\/wp\/v2\/users\/1"}],"replies":[{"embeddable":true,"href":"https:\/\/new.findnews5.com\/index.php?rest_route=%2Fwp%2Fv2%2Fcomments&post=21712"}],"version-history":[{"count":0,"href":"https:\/\/new.findnews5.com\/index.php?rest_route=\/wp\/v2\/posts\/21712\/revisions"}],"wp:featuredmedia":[{"embeddable":true,"href":"https:\/\/new.findnews5.com\/index.php?rest_route=\/wp\/v2\/media\/21713"}],"wp:attachment":[{"href":"https:\/\/new.findnews5.com\/index.php?rest_route=%2Fwp%2Fv2%2Fmedia&parent=21712"}],"wp:term":[{"taxonomy":"category","embeddable":true,"href":"https:\/\/new.findnews5.com\/index.php?rest_route=%2Fwp%2Fv2%2Fcategories&post=21712"},{"taxonomy":"post_tag","embeddable":true,"href":"https:\/\/new.findnews5.com\/index.php?rest_route=%2Fwp%2Fv2%2Ftags&post=21712"}],"curies":[{"name":"wp","href":"https:\/\/api.w.org\/{rel}","templated":true}]}}