{"id":21705,"date":"2024-10-11T08:19:46","date_gmt":"2024-10-11T08:19:46","guid":{"rendered":"https:\/\/new.findnews5.com\/?p=21705"},"modified":"2024-10-11T08:20:17","modified_gmt":"2024-10-11T08:20:17","slug":"deputeti-frrok-gjini-i-kthehet-ashper-nokes-nuk-ka-bir-k-qe-me-ndalon-te-hyj-ne-parlament-video","status":"publish","type":"post","link":"https:\/\/new.findnews5.com\/?p=21705","title":{"rendered":"Deputeti Frrok Gjini i kthehet ashp\u00ebr Nok\u00ebs: Nuk ka bir k*** q\u00eb m\u00eb ndalon t\u00eb hyj n\u00eb Parlament (VIDEO)"},"content":{"rendered":"<div class=\"78954ae5fa42b68c1393fe3da4998882\" data-index=\"1\" style=\"float: none; margin:0px 0 0px 0; text-align:center;\">\n<div data-type=\"_mgwidget\" data-widget-id=\"1576712\">\r\n<\/div>\r\n<script>(function(w,q){w[q]=w[q]||[];w[q].push([\"_mgc.load\"])})(window,\"_mgq\");\r\n<\/script>\r\n\n<\/div>\n\n<p>K\u00ebt\u00eb t\u00eb enjte, ka pasur tensione mes deputet\u00ebve t\u00eb opozit\u00ebs dhe deputet\u00ebve t\u00eb PS. Deputet\u00ebt e opozit\u00ebs, kan\u00eb tentuar t\u00eb ndalojn\u00eb deputet\u00ebt socialist\u00eb t\u00eb hyjn\u00eb n\u00eb Kuvend, pasi atyre vet\u00eb iu \u00ebsht\u00eb ndaluar hyrja.<\/p>\n\n\n\n<p>Deputeti Flamur Noka, \u00ebsht\u00eb p\u00ebrplasur me deputetin e PS-s\u00eb Frrok Gjini, i cili ka th\u00ebn\u00eb se gjall\u00eb a vdekur do hyj\u00eb n\u00eb parlament.<\/p>\n\n\n\n<h3 class=\"wp-block-heading\"><\/h3>\n\n\n\n<figure class=\"wp-block-image\"><a href=\"https:\/\/albeu.com\/lajme\/deputetet-e-pd-se-vendosin-4-manekina-para-kuvendit-dhe-i-vendosin-zjarrin-video\/732938\/\" target=\"_blank\" rel=\"noreferrer noopener\"><img decoding=\"async\" src=\"https:\/\/albeu.com\/wp-content\/uploads\/2024\/10\/zjarri-manejinave-kuvend-380x233.png\" alt=\"\"\/><\/a><\/figure>\n\n\n\n<p><a href=\"https:\/\/albeu.com\/lajme\/deputetet-e-pd-se-vendosin-4-manekina-para-kuvendit-dhe-i-vendosin-zjarrin-video\/732938\/\" target=\"_blank\" rel=\"noreferrer noopener\">Deputet\u00ebt e PD-s\u00eb vendosin 4 manekina para Kuvendit dhe i vendosin zjarrin (VIDEO)<\/a><\/p>\n\n\n\n<p><em>\u201cNuk ka bir k*** q\u00eb m\u00eb ndalon t\u00eb hyj n\u00eb Parlament\u201d,<\/em>&nbsp;tha Gjini.<\/p>\n\n\n\n<p><strong>P\u00ebrplasja:<\/strong><\/p>\n\n\n\n<p><strong>Flamur Noka:<\/strong>&nbsp;<em>\u201cIk Frrok, hajde tani, ik\u201d!<\/em><\/p>\n\n\n\n<p><strong>Frrok Gjini:<\/strong>&nbsp;\u201cMos m\u00eb prek m\u00eb dor\u00eb\u201d!<\/p>\n\n\n\n<p><strong>Flamur Noka:<\/strong>&nbsp;\u201c<em>Ik Frrok, nuk hyn\u201d.<\/em><\/p>\n\n\n\n<p><strong>Frrok Gjini:<\/strong>&nbsp;\u201c<em>Ore s\u2019m\u00eb prek kush m\u00eb dor\u00eb mua. S\u2019ka bir k**ve q\u00eb m\u00eb ndalon t\u00eb hyj n\u00eb Parlament\u201d.<\/em><\/p>\n\n\n\n<p><strong>Flamur Noka:<\/strong>&nbsp;\u201c<em>Frrok hajde me mua t\u00eb flasim\u201d.<\/em><\/p>\n\n\n\n<p><strong>Frrok Gjini:<\/strong>&nbsp;\u201c<em>S\u2019kam pun\u00eb me ty, do hyj n\u00eb Parlament. Nuk kthehem pas un\u00eb. Do hyj n\u00eb Parlament.<\/em><br><em>\u201cJeni duke provokuar opozit\u00ebn. Asnj\u00ebher\u00eb nuk \u00ebsht\u00eb shpallur opozita armike. \u00cbsht\u00eb hera e par\u00eb q\u00eb shpallet armike. Ju lutem asnj\u00eb provokim p\u00ebr opozit\u00ebn\u201d,<\/em>&nbsp;tha Noka.<\/p>\n\n\n\n<p><em>\u201cNe jemi n\u00eb betej\u00eb jet\u00eb a vdekje, ju betej\u00eb humori\u201d,<\/em>&nbsp;iu drejtua Noka deputetit Gjini.<\/p>\n\n\n\n<p>Opozita edhe sot ka vazhduar aksionin e saj, p\u00ebr t\u00eb mos lejuar zhvillimin normal t\u00eb punimeve t\u00eb Kuvendit, si shenj\u00eb protest\u00eb p\u00ebr burgosjen e Ervin Salianjit.<\/p>\n\n\n\n<p>Nd\u00ebrkoh\u00eb n\u00eb Kuvend kan\u00eb shkuar edhe ministrat e PS, deputet\u00ebt nuk i kan\u00eb lejuar q\u00eb t\u00eb futen, madje edhe jan\u00eb p\u00ebrplasur me ministrin e Financave, Petrit Malaj.<\/p>\n\n\n\n<p>Nd\u00ebrsa deputeti Luan Ba\u00e7i d\u00ebgjohet ti drejtohet Niko Peleshit \u201c<em>Niko mos b\u00ebni t\u00eb fortin\u201d.<\/em><\/p>\n\n<iframe loading=\"lazy\" width=\"560\" height=\"315\" src=\"https:\/\/www.youtube.com\/embed\/blToZoYtksk?si=pVACKyvQ_Ev8zNm4\" title=\"YouTube video player\" frameborder=\"0\" allow=\"accelerometer; autoplay; clipboard-write; encrypted-media; gyroscope; picture-in-picture; web-share\" referrerpolicy=\"strict-origin-when-cross-origin\" allowfullscreen><\/iframe>\n<div style=\"font-size: 0px; height: 0px; line-height: 0px; margin: 0; padding: 0; clear: both;\"><\/div>","protected":false},"excerpt":{"rendered":"<p>K\u00ebt\u00eb t\u00eb enjte, ka pasur tensione mes deputet\u00ebve t\u00eb opozit\u00ebs dhe deputet\u00ebve t\u00eb PS. Deputet\u00ebt e opozit\u00ebs, kan\u00eb tentuar t\u00eb ndalojn\u00eb deputet\u00ebt socialist\u00eb t\u00eb hyjn\u00eb n\u00eb Kuvend,&#8230; <\/p>\n","protected":false},"author":1,"featured_media":21706,"comment_status":"open","ping_status":"open","sticky":false,"template":"","format":"standard","meta":{"footnotes":""},"categories":[6],"tags":[],"class_list":["post-21705","post","type-post","status-publish","format-standard","has-post-thumbnail","hentry","category-lajme"],"_links":{"self":[{"href":"https:\/\/new.findnews5.com\/index.php?rest_route=\/wp\/v2\/posts\/21705","targetHints":{"allow":["GET"]}}],"collection":[{"href":"https:\/\/new.findnews5.com\/index.php?rest_route=\/wp\/v2\/posts"}],"about":[{"href":"https:\/\/new.findnews5.com\/index.php?rest_route=\/wp\/v2\/types\/post"}],"author":[{"embeddable":true,"href":"https:\/\/new.findnews5.com\/index.php?rest_route=\/wp\/v2\/users\/1"}],"replies":[{"embeddable":true,"href":"https:\/\/new.findnews5.com\/index.php?rest_route=%2Fwp%2Fv2%2Fcomments&post=21705"}],"version-history":[{"count":0,"href":"https:\/\/new.findnews5.com\/index.php?rest_route=\/wp\/v2\/posts\/21705\/revisions"}],"wp:featuredmedia":[{"embeddable":true,"href":"https:\/\/new.findnews5.com\/index.php?rest_route=\/wp\/v2\/media\/21706"}],"wp:attachment":[{"href":"https:\/\/new.findnews5.com\/index.php?rest_route=%2Fwp%2Fv2%2Fmedia&parent=21705"}],"wp:term":[{"taxonomy":"category","embeddable":true,"href":"https:\/\/new.findnews5.com\/index.php?rest_route=%2Fwp%2Fv2%2Fcategories&post=21705"},{"taxonomy":"post_tag","embeddable":true,"href":"https:\/\/new.findnews5.com\/index.php?rest_route=%2Fwp%2Fv2%2Ftags&post=21705"}],"curies":[{"name":"wp","href":"https:\/\/api.w.org\/{rel}","templated":true}]}}