{"id":21697,"date":"2024-10-10T16:07:26","date_gmt":"2024-10-10T16:07:26","guid":{"rendered":"https:\/\/new.findnews5.com\/?p=21697"},"modified":"2024-10-10T16:07:29","modified_gmt":"2024-10-10T16:07:29","slug":"21697","status":"publish","type":"post","link":"https:\/\/new.findnews5.com\/?p=21697","title":{"rendered":""},"content":{"rendered":"<div class=\"78954ae5fa42b68c1393fe3da4998882\" data-index=\"1\" style=\"float: none; margin:0px 0 0px 0; text-align:center;\">\n<div data-type=\"_mgwidget\" data-widget-id=\"1576712\">\r\n<\/div>\r\n<script>(function(w,q){w[q]=w[q]||[];w[q].push([\"_mgc.load\"])})(window,\"_mgq\");\r\n<\/script>\r\n\n<\/div>\n<p>Ky qytetar, i cili nuk ka b\u00ebr\u00eb publike emrin e tij, duket se shprehu nj\u00eb ndjenj\u00eb t\u00eb thell\u00eb t\u00eb admirimit p\u00ebr stilin e drejtimit t\u00eb Erdo\u011fanit. Ai e lidhte k\u00ebt\u00eb admirim me nevoj\u00ebn p\u00ebr figura t\u00eb forta dhe karizmatike n\u00eb politik\u00ebn shqiptare. Kjo mund t\u00eb pasqyroj\u00eb nj\u00eb frustim q\u00eb disa shqiptar\u00eb ndjejn\u00eb ndaj lider\u00ebve t\u00eb tanish\u00ebm, duke k\u00ebrkuar nj\u00eb person q\u00eb t\u00eb jet\u00eb m\u00eb vendimtar dhe t\u00eb ofroj\u00eb stabilitet dhe zhvillim.<\/p>\n<p>Kjo situat\u00eb ngre pyetje mbi vler\u00ebsimin e lider\u00ebve nga qytetar\u00ebt dhe se si ata e shohin modelin e drejtimit t\u00eb vendeve t\u00eb tjera. Erdogan, i njohur p\u00ebr stilin e tij autoritar dhe p\u00ebr reformat q\u00eb ka nd\u00ebrmarr\u00eb n\u00eb Turqi, ka krijuar nj\u00eb imazh t\u00eb fuqish\u00ebm n\u00eb sken\u00ebn nd\u00ebrkomb\u00ebtare, dhe disa shqiptar\u00eb ndjejn\u00eb se nj\u00eb lider me nj\u00eb qasje t\u00eb ngjashme mund t\u00eb sjell\u00eb ndryshime pozitive n\u00eb Shqip\u00ebri.<\/p>\n<p>Megjithat\u00eb, ky lloj komentari gjithashtu nxjerr n\u00eb pah tensionet e mundshme mes m\u00ebnyrave t\u00eb ndryshme t\u00eb qeverisjes. Shqip\u00ebria ka kaluar p\u00ebrmes periudhave t\u00eb v\u00ebshtira historike dhe ka nevoj\u00eb p\u00ebr nj\u00eb lider q\u00eb t\u00eb respektoj\u00eb t\u00eb drejtat demokratike dhe t\u00eb sjell\u00eb stabilitet, pa u devijuar nga parimet demokratike.<\/p>\n<p>N\u00eb fund, ky moment i vog\u00ebl gjat\u00eb nj\u00eb ngjarjeje madhore mund t\u00eb sh\u00ebrbej\u00eb si nj\u00eb reflektim i ndjenjave t\u00eb thella q\u00eb ka populli shqiptar ndaj politik\u00ebs dhe lidershipit. Ai hap nj\u00eb dialog t\u00eb r\u00ebnd\u00ebsish\u00ebm mbi at\u00eb \u00e7far\u00eb shqiptar\u00ebt d\u00ebshirojn\u00eb dhe presin nga lider\u00ebt e tyre n\u00eb t\u00eb ardhmen.<\/p>\n\n<div style=\"font-size: 0px; height: 0px; line-height: 0px; margin: 0; padding: 0; clear: both;\"><\/div>","protected":false},"excerpt":{"rendered":"<p>Ky qytetar, i cili nuk ka b\u00ebr\u00eb publike emrin e tij, duket se shprehu nj\u00eb ndjenj\u00eb t\u00eb thell\u00eb t\u00eb admirimit p\u00ebr stilin e drejtimit t\u00eb Erdo\u011fanit. Ai&#8230; <\/p>\n","protected":false},"author":1,"featured_media":0,"comment_status":"open","ping_status":"open","sticky":false,"template":"","format":"standard","meta":{"footnotes":""},"categories":[6],"tags":[],"class_list":["post-21697","post","type-post","status-publish","format-standard","hentry","category-lajme"],"_links":{"self":[{"href":"https:\/\/new.findnews5.com\/index.php?rest_route=\/wp\/v2\/posts\/21697","targetHints":{"allow":["GET"]}}],"collection":[{"href":"https:\/\/new.findnews5.com\/index.php?rest_route=\/wp\/v2\/posts"}],"about":[{"href":"https:\/\/new.findnews5.com\/index.php?rest_route=\/wp\/v2\/types\/post"}],"author":[{"embeddable":true,"href":"https:\/\/new.findnews5.com\/index.php?rest_route=\/wp\/v2\/users\/1"}],"replies":[{"embeddable":true,"href":"https:\/\/new.findnews5.com\/index.php?rest_route=%2Fwp%2Fv2%2Fcomments&post=21697"}],"version-history":[{"count":0,"href":"https:\/\/new.findnews5.com\/index.php?rest_route=\/wp\/v2\/posts\/21697\/revisions"}],"wp:attachment":[{"href":"https:\/\/new.findnews5.com\/index.php?rest_route=%2Fwp%2Fv2%2Fmedia&parent=21697"}],"wp:term":[{"taxonomy":"category","embeddable":true,"href":"https:\/\/new.findnews5.com\/index.php?rest_route=%2Fwp%2Fv2%2Fcategories&post=21697"},{"taxonomy":"post_tag","embeddable":true,"href":"https:\/\/new.findnews5.com\/index.php?rest_route=%2Fwp%2Fv2%2Ftags&post=21697"}],"curies":[{"name":"wp","href":"https:\/\/api.w.org\/{rel}","templated":true}]}}