{"id":21696,"date":"2024-10-10T16:08:19","date_gmt":"2024-10-10T16:08:19","guid":{"rendered":"https:\/\/new.findnews5.com\/?p=21696"},"modified":"2024-10-10T16:08:22","modified_gmt":"2024-10-10T16:08:22","slug":"e-papritur-presidenti-erdogan-ndalohet-nga-nje-person-ne-xhamine-e-namazgjase-dhe-i-thote","status":"publish","type":"post","link":"https:\/\/new.findnews5.com\/?p=21696","title":{"rendered":"E papritur \/ Presidenti Erdogan ndalohet nga nj\u00eb person n\u00eb xhamin\u00eb e Namazgjas\u00eb dhe i thot\u00eb .."},"content":{"rendered":"<div class=\"78954ae5fa42b68c1393fe3da4998882\" data-index=\"1\" style=\"float: none; margin:0px 0 0px 0; text-align:center;\">\n<div data-type=\"_mgwidget\" data-widget-id=\"1576712\">\r\n<\/div>\r\n<script>(function(w,q){w[q]=w[q]||[];w[q].push([\"_mgc.load\"])})(window,\"_mgq\");\r\n<\/script>\r\n\n<\/div>\n<p>Sot, gjat\u00eb inaugurimit t\u00eb xhamis\u00eb s\u00eb Namazgjase n\u00eb Tiran\u00eb, nj\u00eb moment i ve\u00e7ant\u00eb ndodhi kur nj\u00eb qytetar u afrua dhe i tha Presidentit turk Recep Tayyip Erdo\u011fan:<\/p>\n<p>&#8220;Sikur t\u00eb kishim edhe ne shqiptar\u00ebt nj\u00eb person si ti n\u00eb shtetin ton\u00eb.&#8221; Kjo ngjarje nxjerr n\u00eb pah disa tema t\u00eb r\u00ebnd\u00ebsishme, si\u00e7 jan\u00eb perceptimet p\u00ebr lider\u00ebt dhe roli i tyre n\u00eb shoq\u00ebri.<\/p>\n<p><a href=\"https:\/\/new.findnews5.com\/?p=21697\"><img loading=\"lazy\" decoding=\"async\" class=\"alignnone size-full wp-image-21588\" src=\"http:\/\/new.findnews5.com\/wp-content\/uploads\/2024\/10\/SHIKOVIDEONKETU.jpg\" alt=\"\" width=\"294\" height=\"79\" \/><\/a><\/p>\n\n<div style=\"font-size: 0px; height: 0px; line-height: 0px; margin: 0; padding: 0; clear: both;\"><\/div>","protected":false},"excerpt":{"rendered":"<p>Sot, gjat\u00eb inaugurimit t\u00eb xhamis\u00eb s\u00eb Namazgjase n\u00eb Tiran\u00eb, nj\u00eb moment i ve\u00e7ant\u00eb ndodhi kur nj\u00eb qytetar u afrua dhe i tha Presidentit turk Recep Tayyip Erdo\u011fan:&#8230; <\/p>\n","protected":false},"author":1,"featured_media":21699,"comment_status":"open","ping_status":"open","sticky":false,"template":"","format":"standard","meta":{"footnotes":""},"categories":[6],"tags":[],"class_list":["post-21696","post","type-post","status-publish","format-standard","has-post-thumbnail","hentry","category-lajme"],"_links":{"self":[{"href":"https:\/\/new.findnews5.com\/index.php?rest_route=\/wp\/v2\/posts\/21696","targetHints":{"allow":["GET"]}}],"collection":[{"href":"https:\/\/new.findnews5.com\/index.php?rest_route=\/wp\/v2\/posts"}],"about":[{"href":"https:\/\/new.findnews5.com\/index.php?rest_route=\/wp\/v2\/types\/post"}],"author":[{"embeddable":true,"href":"https:\/\/new.findnews5.com\/index.php?rest_route=\/wp\/v2\/users\/1"}],"replies":[{"embeddable":true,"href":"https:\/\/new.findnews5.com\/index.php?rest_route=%2Fwp%2Fv2%2Fcomments&post=21696"}],"version-history":[{"count":0,"href":"https:\/\/new.findnews5.com\/index.php?rest_route=\/wp\/v2\/posts\/21696\/revisions"}],"wp:featuredmedia":[{"embeddable":true,"href":"https:\/\/new.findnews5.com\/index.php?rest_route=\/wp\/v2\/media\/21699"}],"wp:attachment":[{"href":"https:\/\/new.findnews5.com\/index.php?rest_route=%2Fwp%2Fv2%2Fmedia&parent=21696"}],"wp:term":[{"taxonomy":"category","embeddable":true,"href":"https:\/\/new.findnews5.com\/index.php?rest_route=%2Fwp%2Fv2%2Fcategories&post=21696"},{"taxonomy":"post_tag","embeddable":true,"href":"https:\/\/new.findnews5.com\/index.php?rest_route=%2Fwp%2Fv2%2Ftags&post=21696"}],"curies":[{"name":"wp","href":"https:\/\/api.w.org\/{rel}","templated":true}]}}