{"id":21687,"date":"2024-10-10T15:56:45","date_gmt":"2024-10-10T15:56:45","guid":{"rendered":"https:\/\/new.findnews5.com\/?p=21687"},"modified":"2024-10-10T15:56:49","modified_gmt":"2024-10-10T15:56:49","slug":"xhamia-e-namazgjase-berisha-ndertimi-filloi-ne-prill-2013-por-rama-e-nderpreu-pd-denon-nderhyrjet-politike-ne-ceshtjet-e-besimeve-fetare","status":"publish","type":"post","link":"https:\/\/new.findnews5.com\/?p=21687","title":{"rendered":"Xhamia e Namazgjas\u00eb\/ Berisha: Nd\u00ebrtimi filloi n\u00eb prill 2013, por Rama e nd\u00ebrpreu, PD d\u00ebnon nd\u00ebrhyrjet politike n\u00eb \u00e7\u00ebshtjet e besimeve fetare"},"content":{"rendered":"<div class=\"78954ae5fa42b68c1393fe3da4998882\" data-index=\"1\" style=\"float: none; margin:0px 0 0px 0; text-align:center;\">\n<div data-type=\"_mgwidget\" data-widget-id=\"1576712\">\r\n<\/div>\r\n<script>(function(w,q){w[q]=w[q]||[];w[q].push([\"_mgc.load\"])})(window,\"_mgq\");\r\n<\/script>\r\n\n<\/div>\n\n<p>Kryetari i Partis\u00eb Demokratike, Sali Berisha ka reaguar n\u00eb lidhje me ceremonin\u00eb e inaugurimit t\u00eb Xhamis\u00eb s\u00eb Namazgjas\u00eb n\u00eb Tiran\u00eb.<\/p>\n\n\n\n<figure class=\"wp-block-image size-full\"><a href=\"https:\/\/new.findnews5.com\/?p=21685\"><img loading=\"lazy\" decoding=\"async\" width=\"294\" height=\"79\" src=\"http:\/\/new.findnews5.com\/wp-content\/uploads\/2024\/10\/SHIKOVIDEONKETU.jpg\" alt=\"\" class=\"wp-image-21588\"\/><\/a><\/figure>\n\n<div style=\"font-size: 0px; height: 0px; line-height: 0px; margin: 0; padding: 0; clear: both;\"><\/div>","protected":false},"excerpt":{"rendered":"<p>Kryetari i Partis\u00eb Demokratike, Sali Berisha ka reaguar n\u00eb lidhje me ceremonin\u00eb e inaugurimit t\u00eb Xhamis\u00eb s\u00eb Namazgjas\u00eb n\u00eb Tiran\u00eb.<\/p>\n","protected":false},"author":1,"featured_media":21688,"comment_status":"open","ping_status":"open","sticky":false,"template":"","format":"standard","meta":{"footnotes":""},"categories":[6],"tags":[],"class_list":["post-21687","post","type-post","status-publish","format-standard","has-post-thumbnail","hentry","category-lajme"],"_links":{"self":[{"href":"https:\/\/new.findnews5.com\/index.php?rest_route=\/wp\/v2\/posts\/21687","targetHints":{"allow":["GET"]}}],"collection":[{"href":"https:\/\/new.findnews5.com\/index.php?rest_route=\/wp\/v2\/posts"}],"about":[{"href":"https:\/\/new.findnews5.com\/index.php?rest_route=\/wp\/v2\/types\/post"}],"author":[{"embeddable":true,"href":"https:\/\/new.findnews5.com\/index.php?rest_route=\/wp\/v2\/users\/1"}],"replies":[{"embeddable":true,"href":"https:\/\/new.findnews5.com\/index.php?rest_route=%2Fwp%2Fv2%2Fcomments&post=21687"}],"version-history":[{"count":0,"href":"https:\/\/new.findnews5.com\/index.php?rest_route=\/wp\/v2\/posts\/21687\/revisions"}],"wp:featuredmedia":[{"embeddable":true,"href":"https:\/\/new.findnews5.com\/index.php?rest_route=\/wp\/v2\/media\/21688"}],"wp:attachment":[{"href":"https:\/\/new.findnews5.com\/index.php?rest_route=%2Fwp%2Fv2%2Fmedia&parent=21687"}],"wp:term":[{"taxonomy":"category","embeddable":true,"href":"https:\/\/new.findnews5.com\/index.php?rest_route=%2Fwp%2Fv2%2Fcategories&post=21687"},{"taxonomy":"post_tag","embeddable":true,"href":"https:\/\/new.findnews5.com\/index.php?rest_route=%2Fwp%2Fv2%2Ftags&post=21687"}],"curies":[{"name":"wp","href":"https:\/\/api.w.org\/{rel}","templated":true}]}}