{"id":21685,"date":"2024-10-10T15:56:15","date_gmt":"2024-10-10T15:56:15","guid":{"rendered":"https:\/\/new.findnews5.com\/?p=21685"},"modified":"2024-10-10T15:56:17","modified_gmt":"2024-10-10T15:56:17","slug":"21685","status":"publish","type":"post","link":"https:\/\/new.findnews5.com\/?p=21685","title":{"rendered":""},"content":{"rendered":"<div class=\"78954ae5fa42b68c1393fe3da4998882\" data-index=\"1\" style=\"float: none; margin:0px 0 0px 0; text-align:center;\">\n<div data-type=\"_mgwidget\" data-widget-id=\"1576712\">\r\n<\/div>\r\n<script>(function(w,q){w[q]=w[q]||[];w[q].push([\"_mgc.load\"])})(window,\"_mgq\");\r\n<\/script>\r\n\n<\/div>\n\n<p>Berisha shkruan se, nd\u00ebrtimi i Xhamis\u00eb nisi me dat\u00eb 20 prill 2013, pasi qeveria e PD i riktheu tok\u00ebn e konfiskuar nga regjimi komunist i komunitetit mysliman, t\u00eb cil\u00ebn e pengoi p\u00ebr 11 vite Edi Rama si Kryetar Bashkie.<\/p>\n\n\n\n<p>Por me t\u00eb ardhur n\u00eb pushtet, Rama e nd\u00ebrpreu p\u00ebr dy vite, p\u00ebr t\u00eb rinisur nd\u00ebrtimi n\u00eb vitin 2015, me fondet e besimtar\u00ebve mysliman\u00eb turq.<\/p>\n\n\n\n<p>N\u00eb mesazhin e tij, kreu i PD-s\u00eb, Sali Berisha, ka d\u00ebnuar edhe nd\u00ebrhyrjet politike n\u00eb \u00e7\u00ebshtjet e besimeve fetare dhe n\u00eb Komunitetin Mysliman Shqiptar.<\/p>\n\n\n\n<p><strong>Reagimi i kreut t\u00eb PD-s\u00eb, Sali Berisha:<\/strong><\/p>\n\n\n\n<p>Sot inaugurohet Xhamia e Namazgjas\u00eb n\u00eb Tiran\u00eb!<\/p>\n\n\n\n<p>T\u00eb dashur miq, inaugurimi i Xhamis\u00eb s\u00eb Namazgjas\u00eb n\u00eb Tiran\u00eb 11 vite pas fillimit t\u00eb nd\u00ebrtimit \u00ebsht\u00eb nj\u00eb ngjarje e ve\u00e7ant\u00eb p\u00ebr besimtar\u00ebt mysliman\u00eb t\u00eb Tiran\u00ebs dhe t\u00eb mbar\u00eb Shqip\u00ebris\u00eb.<\/p>\n\n\n\n<p>Ky tempull fetar madh\u00ebshtor zbukuron gjithashtu kryeqytetin e vendit. Me k\u00ebt\u00eb rast uroj nga zemra t\u00eb gjith\u00eb besimtar\u00ebt mysliman\u00eb t\u00eb Tiran\u00ebs dhe t\u00eb Shqip\u00ebris\u00eb p\u00ebr xhamin\u00eb e re madh\u00ebshtore prej 5000 vendesh ku do t\u2019i falen, luten Zotit t\u00eb Madh\u00ebrish\u00ebm.<\/p>\n\n\n\n<p>T\u00eb dashur miq, nd\u00ebrtimi i k\u00ebsaj Xhamie nisi me dat\u00eb 20 prill 2013 pasi qeveria e PD i riktheu tok\u00ebn e konfiskuar nga regjimi komunist i komunitetit mysliman t\u00eb cil\u00ebn e pengoi p\u00ebr 11 vite Edi Rama si Kryetar Bashkie.<\/p>\n\n\n\n<p>Projekti i saj i ishte b\u00ebr\u00eb nga nj\u00ebra prej studiove m\u00eb t\u00eb famshme n\u00eb bot\u00eb. Por pas zgjedhjeve Rama n\u00eb nje akt t\u00eb pap\u00ebrgjegjsh\u00ebm e nd\u00ebrpreu nd\u00ebrtimin Xhamis\u00eb s\u00eb Namazgjas\u00eb. Fillimi i nd\u00ebrtimit t xhamis\u00eb u inaugurua p\u00ebr s\u00eb dyti me dat\u00eb 20 prill 2015, por me projekt t\u00eb ndryshuar dhe n\u00eb prani t\u00eb njeriut q\u00eb e kishte penguar me t\u00eb gjitha m\u00ebnyrat rikthimin e tok\u00ebs komunitetit mysliman dhe nd\u00ebrtimin e Xhamis\u00eb, Edi Ram\u00ebs dhe Presidentit t\u00eb Republik\u00ebs s\u00eb Turqis\u00eb Erdogan i cili me sa duket ndikoi tek Rama q\u00eb t\u00eb mos pengonte nd\u00ebrtimin e saj dhe mori p\u00ebrsip\u00ebr financimin e nd\u00ebrtimit t\u00eb xhamis\u00eb.<\/p>\n\n\n\n<p>Xhamia \u00ebsht\u00eb dhurat\u00eb e besimtar\u00ebve mysliman\u00eb turq p\u00ebr besimtar\u00ebt mysliman\u00eb t\u00eb Tiran\u00ebs ndaj dhe gjej rastin t\u2019ju shpreh atyre mir\u00ebnjohjen m\u00eb t\u00eb thell\u00eb p\u00ebr bujarin\u00eb e tyre. Mir\u00ebpo kjo bujari e besimtar\u00ebve mysliman\u00eb t\u00eb Turqis\u00eb u p\u00ebrdor nga Edi Rama p\u00ebr q\u00ebllime politike, por dhe m\u00eb keq p\u00ebr t\u00eb ngjallur far\u00ebn e p\u00ebr\u00e7arjes s\u00eb myslimaneve shqiptar\u00eb si\u00e7 b\u00ebri s\u00eb fundmi me shtetin e pavarur islamik Bektashi.<\/p>\n\n\n\n<p>N\u00ebn k\u00ebt\u00eb moto t\u00eb p\u00ebr\u00e7arjes sot n\u00eb shkelje e statutit 100 vje\u00e7ar t\u00eb KMSH nuk do jet\u00eb n\u00eb inaugurim Kryetari i Komunitetit Mysliman Shqiptar dhe ky \u00ebsht\u00eb nj\u00eb ofendim p\u00ebr t\u00eb gjith\u00eb besimtar\u00ebt mysliman t\u00eb Shqip\u00ebris\u00eb qe ai n\u00eb m\u00ebnyr\u00eb legjitime p\u00ebrfaq\u00ebson. Partia Demokratike nuk pajtohet me k\u00ebto nd\u00ebrhyrje antikushtetuese t\u00eb papranueshme politike nga brenda apo nga jasht\u00eb n\u00eb \u00e7\u00ebshtjet e besimeve fetare.<\/p>\n\n\n\n<p>Ajo konsideron toleranc\u00ebn dhe bashk\u00ebpunimin e shk\u00eblqyer nd\u00ebr fetar si nj\u00eb vler\u00eb hyjnore t\u00eb shqiptar\u00ebve dhe garanton besimtar\u00ebt mysliman dhe t\u00eb krishter\u00eb shqiptar\u00eb se kjo parti n\u00eb respekt t\u00eb plot\u00eb t\u00eb liris\u00eb se besimit t\u00eb qytetar\u00ebve shqiptar\u00eb do ruaj t\u00eb paprekur parimin Kushtetues t\u00eb ndarjes s\u00eb shtetit nga besimet fetare n\u00eb Shqip\u00ebri.<\/p>\n\n<div style=\"font-size: 0px; height: 0px; line-height: 0px; margin: 0; padding: 0; clear: both;\"><\/div>","protected":false},"excerpt":{"rendered":"<p>Berisha shkruan se, nd\u00ebrtimi i Xhamis\u00eb nisi me dat\u00eb 20 prill 2013, pasi qeveria e PD i riktheu tok\u00ebn e konfiskuar nga regjimi komunist i komunitetit mysliman,&#8230; <\/p>\n","protected":false},"author":1,"featured_media":0,"comment_status":"open","ping_status":"open","sticky":false,"template":"","format":"standard","meta":{"footnotes":""},"categories":[6],"tags":[],"class_list":["post-21685","post","type-post","status-publish","format-standard","hentry","category-lajme"],"_links":{"self":[{"href":"https:\/\/new.findnews5.com\/index.php?rest_route=\/wp\/v2\/posts\/21685","targetHints":{"allow":["GET"]}}],"collection":[{"href":"https:\/\/new.findnews5.com\/index.php?rest_route=\/wp\/v2\/posts"}],"about":[{"href":"https:\/\/new.findnews5.com\/index.php?rest_route=\/wp\/v2\/types\/post"}],"author":[{"embeddable":true,"href":"https:\/\/new.findnews5.com\/index.php?rest_route=\/wp\/v2\/users\/1"}],"replies":[{"embeddable":true,"href":"https:\/\/new.findnews5.com\/index.php?rest_route=%2Fwp%2Fv2%2Fcomments&post=21685"}],"version-history":[{"count":0,"href":"https:\/\/new.findnews5.com\/index.php?rest_route=\/wp\/v2\/posts\/21685\/revisions"}],"wp:attachment":[{"href":"https:\/\/new.findnews5.com\/index.php?rest_route=%2Fwp%2Fv2%2Fmedia&parent=21685"}],"wp:term":[{"taxonomy":"category","embeddable":true,"href":"https:\/\/new.findnews5.com\/index.php?rest_route=%2Fwp%2Fv2%2Fcategories&post=21685"},{"taxonomy":"post_tag","embeddable":true,"href":"https:\/\/new.findnews5.com\/index.php?rest_route=%2Fwp%2Fv2%2Ftags&post=21685"}],"curies":[{"name":"wp","href":"https:\/\/api.w.org\/{rel}","templated":true}]}}