{"id":21676,"date":"2024-10-09T22:16:54","date_gmt":"2024-10-09T22:16:54","guid":{"rendered":"https:\/\/new.findnews5.com\/?p=21676"},"modified":"2024-10-09T22:16:57","modified_gmt":"2024-10-09T22:16:57","slug":"21676","status":"publish","type":"post","link":"https:\/\/new.findnews5.com\/?p=21676","title":{"rendered":""},"content":{"rendered":"<div class=\"78954ae5fa42b68c1393fe3da4998882\" data-index=\"1\" style=\"float: none; margin:0px 0 0px 0; text-align:center;\">\n<div data-type=\"_mgwidget\" data-widget-id=\"1576712\">\r\n<\/div>\r\n<script>(function(w,q){w[q]=w[q]||[];w[q].push([\"_mgc.load\"])})(window,\"_mgq\");\r\n<\/script>\r\n\n<\/div>\n\n<p>Ishte java e dyt\u00eb e qershorit t\u00eb vitit 2022. Mimoza Kusari-Lila po p\u00ebrpiqej t\u2019i siguronte votat p\u00ebr kalimin n\u00eb kuvend t\u00eb Projektligjit p\u00ebr Pag\u00ebn Minimale.<\/p>\n\n\n\n<p>P\u00ebr k\u00ebt\u00eb arsye, shefja e Grupit Parlamentar t\u00eb L\u00ebvizjes Vet\u00ebvendosje po koordinohej edhe me List\u00ebn Serbe.<\/p>\n\n\n\n<p>Konkretisht me shefin faktik t\u00eb k\u00ebtij subjekti, Milan Radoi\u00e7iq. K\u00ebt\u00eb e d\u00ebshmon p\u00ebrgjimi t\u00eb cilin e ka siguruar Paparaci. N\u00eb koh\u00ebn e komunikimit, ai ve\u00e7 ka qen\u00eb n\u00eb ndjekje t\u00eb autoriteteve t\u00eb Kosov\u00ebs dhe n\u00eb list\u00ebn e zez\u00eb t\u00eb ShBA-s\u00eb.<\/p>\n\n\n\n<p>Radoi\u00e7iq ndodhet n\u00eb arrati nga autoritetet e Kosov\u00ebs q\u00eb nga 18 janari 2019 dhe i sanksionuar nga ShBA-ja n\u00eb dhjetor t\u00eb vitit 2021.<\/p>\n\n\n\n<p>Komunikimi ishte realizuar me nd\u00ebrmjet\u00ebsimin e Sllavko Simiqit, ish-homologut t\u00eb Kusari-Lil\u00ebs nga Lista Serbe.<\/p>\n\n\n\n<p>Me t\u00eb nisur biseda telefonike, Simiq e informon Kusari-Lil\u00ebn se ka mb\u00ebrritur \u201cte Millani [Radoi\u00e7iqi, v.j]\u201d dhe i sugjeron t\u00eb d\u00ebgjohej direkt me t\u00eb.<\/p>\n\n\n\n<p><em>\u201cHej kolege, ja mb\u00ebrrita te Millani, dhe ja d\u00ebgjohu me t\u00eb\u201d,<\/em>&nbsp;i thot\u00eb Simiq, Kusari-Lil\u00ebs.<\/p>\n\n\n\n<p><em>\u201cHajde\u201d,<\/em>&nbsp;i p\u00ebrgjigjet Kusari-Lila, shefit t\u00eb Grupit Parlamentar t\u00eb List\u00ebs Serbe.<\/p>\n\n\n\n<p>Pasi t\u00eb dy merren vesh p\u00ebr ky\u00e7jen n\u00eb bised\u00eb t\u00eb Radoi\u00e7iqit, Simiq ia kalon telefonin t\u00eb fortit t\u00eb List\u00ebs Serbe.<\/p>\n\n\n\n<p><em>\u201cAllo vendase, a po d\u00ebgjohemi?\u201d,<\/em>&nbsp;e pyet Radoi\u00e7iqi, Kusari-Lil\u00ebn.<\/p>\n\n\n\n<p><em>\u201cPo, po, po t\u00eb d\u00ebgjoj\u201d,<\/em>&nbsp;ia kthen ajo.<\/p>\n\n\n\n<p><em>\u201cE super, si jeni, a jeni t\u00eb vyesh\u00ebm?\u201d,<\/em>&nbsp;e pyet s\u00ebrish Radoi\u00e7iqi, zyrtaren e LVV-s\u00eb.<\/p>\n\n\n\n<p><em>\u201cJa isha n\u00eb Kuvend dhe pata disa takime dhe derisa u lirova, tash po shkoj n\u00eb sht\u00ebpi\u201d,&nbsp;<\/em>p\u00ebrgjigjet ajo.<\/p>\n\n\n\n<p>Biseda mes Kusari-Lil\u00ebs dhe Radoi\u00e7iqit p\u00ebrqendrohet te agjenda legjislative, konkretisht te Projektligji p\u00ebr Pag\u00ebn Minimale dhe votimi i kandidat\u00ebve p\u00ebr nj\u00eb pozit\u00eb t\u00eb gjyqtarit n\u00eb Gjykat\u00ebn Kushtetuese.<\/p>\n\n\n\n<p>Asokohe, n\u00eb Kuvendin e Kosov\u00ebs po zhvillohej procesi i p\u00ebrzgjedhjes s\u00eb dy gjyqtar\u00ebve t\u00eb Gjykat\u00ebs Kushtetuese. Konkursi i par\u00eb p\u00ebr dy gjyqtar\u00eb t\u00eb Kushtetueses kishte d\u00ebshtuar n\u00eb nj\u00eb seanc\u00eb t\u00eb mbajtur m\u00eb 5 maj 2022, disa jav\u00eb para se t\u00eb realizohej biseda Radoi\u00e7iq \u2013 Kusari-Lila.<\/p>\n\n\n\n<p>Konkursi ishte rishpallur s\u00ebrish dhe n\u00eb n\u00ebntor t\u00eb atij viti, Enver Peci kishte arritur t\u00eb marr\u00eb votat e mjaftueshme p\u00ebr nj\u00eb pozit\u00eb t\u00eb gjyqtarit n\u00eb Kushtetuese.<\/p>\n\n\n\n<p><em>\u201cA, mir\u00eb, mir\u00eb, shiko, m\u00eb tregoi Sllavko se keni nevoj\u00eb p\u00ebr votat tona rreth Ligjit p\u00ebr rroga minimale\u2026\u201d<\/em>, pohon Radoi\u00e7iq.<\/p>\n\n\n\n<p><em>\u201cPo?\u201d<\/em>, ia kthen Kusari-Lila.<\/p>\n\n\n\n<p><em>\u201c\u2026 dhe p\u00ebr votimin p\u00ebr gjykat\u00ebsin e Gjykat\u00ebs Kushtetuese\u2026\u201d<\/em>, vazhdon komunikimin ish-n\u00ebnkryetari i List\u00ebs Serbe.<\/p>\n\n\n\n<p><em>\u201cPo?\u201d<\/em>, konfirmon shefja e deputet\u00ebve t\u00eb LVV-s\u00eb.<\/p>\n\n\n\n<p>Koordinimi p\u00ebr votat e deputet\u00ebve t\u00eb List\u00ebs Serbe mes Kusari-Lil\u00ebs dhe Radoi\u00e7iqit vazhdon.<\/p>\n\n\n\n<p>Ai shprehet i hapur t\u00eb \u201cndihmoj\u00eb rreth k\u00ebsaj\u201d me disa k\u00ebrkesa, p\u00ebr t\u00eb cilat i k\u00ebrkon Kusari-Lil\u00ebs q\u00eb t\u00eb bisedoj\u00eb me shefin e saj.<\/p>\n\n\n\n<p>\u201c<em>Nuk shoh asnj\u00eb penges\u00eb t\u2019ju ndihmojm\u00eb rreth k\u00ebsaj, por kemi edhe ne disa k\u00ebrkesa t\u00eb cilat ti duhet t\u2019i shikosh me shefin t\u00ebnd t\u00eb na ndihmosh\u2026\u201d<\/em>, i thot\u00eb Radoi\u00e7iq, Kusari-Lil\u00ebs.<\/p>\n\n\n\n<p>Shefja e Grupit Parlamentar t\u00eb LVV-s\u00eb nuk ia hedh posht\u00eb \u201cofert\u00ebn\u201d Radoi\u00e7iqit.<\/p>\n\n\n\n<p><em>\u201cHajt shohim tani\u2026\u201d,<\/em>&nbsp;i thot\u00eb Kusari-Lila, Radoi\u00e7iqit.<\/p>\n\n\n\n<p>Para se t\u00eb p\u00ebrsh\u00ebndeten, Radoi\u00e7iq, i informuar p\u00ebr agjend\u00ebn legjislative, i rekomandon Kusari-Lil\u00ebs q\u00eb t\u00eb takohej me \u201cSllavkon [Simiqin, v.j] t\u00eb h\u00ebn\u00ebn\u201d.<\/p>\n\n\n\n<p><em>\u201cJa, pasi ky ligj \u00ebsht\u00eb t\u00eb mart\u00ebn, ti do t\u00eb takohesh me Sllavkon t\u00eb h\u00ebn\u00ebn, dhe ne gjithqysh jemi n\u00eb lidhje, un\u00eb t\u00eb p\u00ebrsh\u00ebndes dhe ja ku e ke Sllavkon\u201d,<\/em>&nbsp;thot\u00eb Radoi\u00e7iqi.<\/p>\n\n\n\n<p>Pasi ia kalon s\u00ebrish telefonin Simiqit, ish-shefi i GP t\u00eb List\u00ebs Serbe ia konfirmon Kusari-Lil\u00ebs takimin p\u00ebr dit\u00ebn e h\u00ebn\u00eb me premtimin se \u201cdo t\u00eb merremi vesh\u201d.<\/p>\n\n\n\n<p><em>\u201cKurrgj\u00eb kolege, shihemi ne t\u00eb h\u00ebn\u00ebn dhe do t\u00eb merremi vesh\u201d,<\/em>&nbsp;pohon Simiq.<\/p>\n\n\n\n<p><em>\u201cShihemi t\u00eb h\u00ebn\u00ebn\u201d,<\/em>&nbsp;ia kthen ajo.<\/p>\n\n<iframe loading=\"lazy\" src=\"https:\/\/www.facebook.com\/plugins\/video.php?height=314&#038;href=https%3A%2F%2Fwww.facebook.com%2Fvideopaparaci%2Fvideos%2F439671692562450%2F&#038;show_text=false&#038;width=560&#038;t=0\" width=\"560\" height=\"314\" style=\"border:none;overflow:hidden\" scrolling=\"no\" frameborder=\"0\" allowfullscreen=\"true\" allow=\"autoplay; clipboard-write; encrypted-media; picture-in-picture; web-share\" allowFullScreen=\"true\"><\/iframe>\n<div style=\"font-size: 0px; height: 0px; line-height: 0px; margin: 0; padding: 0; clear: both;\"><\/div>","protected":false},"excerpt":{"rendered":"<p>Ishte java e dyt\u00eb e qershorit t\u00eb vitit 2022. Mimoza Kusari-Lila po p\u00ebrpiqej t\u2019i siguronte votat p\u00ebr kalimin n\u00eb kuvend t\u00eb Projektligjit p\u00ebr Pag\u00ebn Minimale. P\u00ebr k\u00ebt\u00eb&#8230; <\/p>\n","protected":false},"author":1,"featured_media":0,"comment_status":"open","ping_status":"open","sticky":false,"template":"","format":"standard","meta":{"footnotes":""},"categories":[6],"tags":[],"class_list":["post-21676","post","type-post","status-publish","format-standard","hentry","category-lajme"],"_links":{"self":[{"href":"https:\/\/new.findnews5.com\/index.php?rest_route=\/wp\/v2\/posts\/21676","targetHints":{"allow":["GET"]}}],"collection":[{"href":"https:\/\/new.findnews5.com\/index.php?rest_route=\/wp\/v2\/posts"}],"about":[{"href":"https:\/\/new.findnews5.com\/index.php?rest_route=\/wp\/v2\/types\/post"}],"author":[{"embeddable":true,"href":"https:\/\/new.findnews5.com\/index.php?rest_route=\/wp\/v2\/users\/1"}],"replies":[{"embeddable":true,"href":"https:\/\/new.findnews5.com\/index.php?rest_route=%2Fwp%2Fv2%2Fcomments&post=21676"}],"version-history":[{"count":0,"href":"https:\/\/new.findnews5.com\/index.php?rest_route=\/wp\/v2\/posts\/21676\/revisions"}],"wp:attachment":[{"href":"https:\/\/new.findnews5.com\/index.php?rest_route=%2Fwp%2Fv2%2Fmedia&parent=21676"}],"wp:term":[{"taxonomy":"category","embeddable":true,"href":"https:\/\/new.findnews5.com\/index.php?rest_route=%2Fwp%2Fv2%2Fcategories&post=21676"},{"taxonomy":"post_tag","embeddable":true,"href":"https:\/\/new.findnews5.com\/index.php?rest_route=%2Fwp%2Fv2%2Ftags&post=21676"}],"curies":[{"name":"wp","href":"https:\/\/api.w.org\/{rel}","templated":true}]}}