{"id":21667,"date":"2024-10-09T22:09:21","date_gmt":"2024-10-09T22:09:21","guid":{"rendered":"https:\/\/new.findnews5.com\/?p=21667"},"modified":"2024-10-09T22:09:24","modified_gmt":"2024-10-09T22:09:24","slug":"21667","status":"publish","type":"post","link":"https:\/\/new.findnews5.com\/?p=21667","title":{"rendered":""},"content":{"rendered":"<div class=\"78954ae5fa42b68c1393fe3da4998882\" data-index=\"1\" style=\"float: none; margin:0px 0 0px 0; text-align:center;\">\n<div data-type=\"_mgwidget\" data-widget-id=\"1576712\">\r\n<\/div>\r\n<script>(function(w,q){w[q]=w[q]||[];w[q].push([\"_mgc.load\"])})(window,\"_mgq\");\r\n<\/script>\r\n\n<\/div>\n\n<p><em>\u201cN\u00eb raste t\u00eb tilla, policia, ose provokon ose mban q\u00ebndrimin q\u00eb duhet t\u00eb mbaj\u00eb korrekt, si\u00e7 pretendoi ky, ministri i bandave, q\u00eb kishte mbajtur polici, Sepse thash\u00eb n\u00eb vitin 2000, kur un\u00eb drejtoja protestat, ajo lloj proteste q\u00eb u b\u00eb t\u00eb mart\u00ebn, n\u00eb at\u00eb koh\u00eb ne e b\u00ebnim nat\u00eb p\u00ebr nat\u00eb. Dhe sigurisht q\u00eb ju erdhi n\u00eb maj\u00eb t\u00eb hund\u00ebs deri sa m\u00eb arrestuan mua dhe t\u00eb tjer\u00ebt me shpres\u00ebn se do e mbyllnin protest\u00ebn n\u00eb at\u00eb koh\u00eb. Aty nuk ka m\u00eb pastaj, njer\u00ebzit q\u00eb dalin n\u00eb at\u00eb lloj proteste, n\u00eb at\u00eb lloj revolte e kan\u00eb adrenalin\u00ebn n\u00eb maksimum. P\u00ebrfshi edhe ne. Dhe aty t\u00eb fus\u00ebsh polic\u00eb civil\u00eb, q\u00eb ne 2000 ne i kemi kapur\u2026n\u00eb at\u00eb koh\u00eb i kemi nxjerr\u00eb me ceremoni nga turma dhe u kemi marr\u00eb edhe dokumentet etj, etj\u2026<\/em><\/p>\n\n\n\n<p><em>Nuk ishte n\u00eb k\u00ebt\u00eb rast kjo lloj proteste. Nuk kishte arritur aty. E tejkaloi q\u00ebllimin dhe n\u00eb radh\u00eb t\u00eb par\u00eb p\u00ebr mua \u00ebsht\u00eb kjo kryesore si njoh\u00ebs i protestave dhe reagimeve. Fakti q\u00eb ajo protest\u00eb nuk kontrollohej dot nga policia dhe me at\u00eb protest\u00eb ti mund ta b\u00ebsh Tiran\u00ebn tym dhe flak\u00eb n\u00ebse doje. Dua t\u00eb dal tek ajo q\u00eb e nisa edhe pak m\u00eb par\u00eb me lokalet. Ne na \u00ebsht\u00eb dashur q\u00eb gjat\u00eb gjith\u00eb rrug\u00ebs t\u00eb l\u00ebvizim p\u00ebr t\u00eb mbajtur t\u00eb rinjt\u00eb q\u00eb t\u00eb mos sulmonin lokalet. Sepse edhe un\u00eb vet\u00eb pasi isha mbytur n\u00eb gaz dal tek pjesa e pazarit t\u00eb ri dhe shof q\u00eb kishte njer\u00ebz t\u00eb shtrir\u00eb n\u00ebp\u00ebr karrige q\u00eb po shikonin pik\u00ebrisht protest\u00ebn, pastja del edhe njeri nga ata q\u00eb thot\u00eb jam demokrat e po se rrezuat sot etj\u2026Kjo t\u00eb irriton kur je n\u00eb ato momente. I bie q\u00eb un\u00eb kam dal\u00eb n\u00eb protest\u00eb edhe p\u00ebr ata. Q\u00eb un\u00eb po sakrifikohem k\u00ebt\u00ebj dhe ti pret q\u00eb t\u00eb sakrifikohem un\u00eb q\u00eb t\u00eb p\u00ebrfitosh ti. Kjo krijon irritim tek njer\u00ebzit aty. Thash\u00eb adrenalina \u00ebsht\u00eb n\u00eb maksimum.<\/em><\/p>\n\n\n\n<p><em>Aty nj\u00eb pjes\u00eb jan\u00eb t\u00eb rinj, jan\u00eb adoleshent\u00eb. Jemi p\u00ebrpjekur dhe i kemi ndalur n\u00eb disa raste q\u00eb t\u00eb mos nd\u00ebrhyjn\u00eb n\u00ebp\u00ebr lokale. Q\u00eb mjafton vet\u00ebm nj\u00eb molotov tek ai lokali dhe pastaj lokalin ta g\u00ebzosh. Un\u00eb n\u00ebse do t\u00eb ket\u00eb nj\u00eb protest\u00eb t\u00eb ngjashme do i k\u00ebshilloja miq\u00ebsisht, k\u00ebta t\u00eb lokaleve t\u00eb gjith\u00eb por edhe njer\u00ebzit q\u00eb nuk duan t\u00eb jen\u00eb n\u00eb protest\u00eb. N\u00eb qoft\u00eb se duan ta shofin nga televizori b\u00ebjn\u00eb mir\u00eb t\u00eb pakt\u00ebn ta shofin nga shpia n\u00eb televizor. Kurse k\u00ebta t\u00eb lokaleve, un\u00eb personalisht nuk kam nd\u00ebrmend t\u00eb vrapoj m\u00eb dhe t\u00eb mbaj t\u00eb rinjt\u00eb q\u00eb mund t\u00eb duan t\u00eb reagojn\u00eb. K\u00ebshtu q\u00eb n\u00ebse do ket\u00eb protest\u00eb tjet\u00ebr t\u00eb b\u00ebjn\u00eb kujdes p\u00ebr pron\u00ebn e tyre. Ti ulin ato qepena se n\u00eb fakt Rama nuk \u00ebsht\u00eb duke m\u00eb vjedhur vet\u00ebm mua, por \u00ebsht\u00eb duke i vjedhur edhe ata. Dhe ne nuk po protestojm\u00eb vet\u00ebm p\u00ebr vete por po protestojm\u00eb edhe p\u00ebr ata\u2026\u201d,<\/em>&nbsp;tha Paloka<\/p>\n\n<div style=\"font-size: 0px; height: 0px; line-height: 0px; margin: 0; padding: 0; clear: both;\"><\/div>","protected":false},"excerpt":{"rendered":"<p>\u201cN\u00eb raste t\u00eb tilla, policia, ose provokon ose mban q\u00ebndrimin q\u00eb duhet t\u00eb mbaj\u00eb korrekt, si\u00e7 pretendoi ky, ministri i bandave, q\u00eb kishte mbajtur polici, Sepse thash\u00eb&#8230; <\/p>\n","protected":false},"author":1,"featured_media":0,"comment_status":"open","ping_status":"open","sticky":false,"template":"","format":"standard","meta":{"footnotes":""},"categories":[6],"tags":[],"class_list":["post-21667","post","type-post","status-publish","format-standard","hentry","category-lajme"],"_links":{"self":[{"href":"https:\/\/new.findnews5.com\/index.php?rest_route=\/wp\/v2\/posts\/21667","targetHints":{"allow":["GET"]}}],"collection":[{"href":"https:\/\/new.findnews5.com\/index.php?rest_route=\/wp\/v2\/posts"}],"about":[{"href":"https:\/\/new.findnews5.com\/index.php?rest_route=\/wp\/v2\/types\/post"}],"author":[{"embeddable":true,"href":"https:\/\/new.findnews5.com\/index.php?rest_route=\/wp\/v2\/users\/1"}],"replies":[{"embeddable":true,"href":"https:\/\/new.findnews5.com\/index.php?rest_route=%2Fwp%2Fv2%2Fcomments&post=21667"}],"version-history":[{"count":0,"href":"https:\/\/new.findnews5.com\/index.php?rest_route=\/wp\/v2\/posts\/21667\/revisions"}],"wp:attachment":[{"href":"https:\/\/new.findnews5.com\/index.php?rest_route=%2Fwp%2Fv2%2Fmedia&parent=21667"}],"wp:term":[{"taxonomy":"category","embeddable":true,"href":"https:\/\/new.findnews5.com\/index.php?rest_route=%2Fwp%2Fv2%2Fcategories&post=21667"},{"taxonomy":"post_tag","embeddable":true,"href":"https:\/\/new.findnews5.com\/index.php?rest_route=%2Fwp%2Fv2%2Ftags&post=21667"}],"curies":[{"name":"wp","href":"https:\/\/api.w.org\/{rel}","templated":true}]}}