{"id":21651,"date":"2024-10-09T21:59:46","date_gmt":"2024-10-09T21:59:46","guid":{"rendered":"https:\/\/new.findnews5.com\/?p=21651"},"modified":"2024-10-09T21:59:49","modified_gmt":"2024-10-09T21:59:49","slug":"21651","status":"publish","type":"post","link":"https:\/\/new.findnews5.com\/?p=21651","title":{"rendered":""},"content":{"rendered":"<div class=\"78954ae5fa42b68c1393fe3da4998882\" data-index=\"1\" style=\"float: none; margin:0px 0 0px 0; text-align:center;\">\n<div data-type=\"_mgwidget\" data-widget-id=\"1576712\">\r\n<\/div>\r\n<script>(function(w,q){w[q]=w[q]||[];w[q].push([\"_mgc.load\"])})(window,\"_mgq\");\r\n<\/script>\r\n\n<\/div>\n\n<p>K\u00ebta, t\u00eb nj\u00ebjtit, me \u00e7do kusht po duan t\u2019ja b\u00ebjn\u00eb avokatin dhe argatin. Po e mbrojn\u00eb Radoj\u00e7iqin me sound bites dhe montazha t\u00eb bisedave me ish deputetin Slavko Simiq, e fundit bised\u00eb n\u00eb qershor t\u00eb 2022-t\u00ebs, pas s\u00eb cil\u00ebs ai u nxorr jasht\u00eb nga zyra ime. Megjithat\u00eb, shihet se hallin e kan\u00eb t\u00eb madh p\u00ebrderisa b\u00ebjn\u00eb permutacione t\u00eb s\u00eb nj\u00ebjt\u00ebs bised\u00eb p\u00ebr t\u00eb pest\u00ebn her\u00eb. K\u00ebsaj radhe n\u00eb dit\u00ebn e seanc\u00ebs gjyq\u00ebsore p\u00ebr sulmin terrorist n\u00eb Banjsk\u00eb\u201d, ka shkruar Kusari-Lila.<\/p>\n\n\n\n<p>Ajo ka shtuar se p\u00ebrgjigjen do ta marrin m\u00eb 9 shkurt.<\/p>\n\n\n\n<p>\u201cPor t\u00eb kot\u00eb e kan\u00eb. Me 9 shkurt do ta marrin p\u00ebrgjigjen. Radoi\u00e7iqi dhe krejt aleat\u00ebt e mb\u00ebshtet\u00ebsit e tij jan\u00eb t\u00eb mundur dhe kurr\u00eb m\u00eb nuk kthehen n\u00eb Kosov\u00eb, p\u00ebrve\u00e7 se duarlidhur. Atyre t\u00eb cil\u00ebve po ju mungon, duhet t\u00eb m\u00ebsohen pa t\u00eb.&nbsp; Nuk ka luft\u00eb hibride q\u00eb na p\u00ebrkul\u201d, ka deklaruar shefja e deputet\u00ebve t\u00eb LVV-s\u00eb\u201d, tha ajo.<\/p>\n\n<div style=\"font-size: 0px; height: 0px; line-height: 0px; margin: 0; padding: 0; clear: both;\"><\/div>","protected":false},"excerpt":{"rendered":"<p>K\u00ebta, t\u00eb nj\u00ebjtit, me \u00e7do kusht po duan t\u2019ja b\u00ebjn\u00eb avokatin dhe argatin. Po e mbrojn\u00eb Radoj\u00e7iqin me sound bites dhe montazha t\u00eb bisedave me ish deputetin&#8230; <\/p>\n","protected":false},"author":1,"featured_media":0,"comment_status":"open","ping_status":"open","sticky":false,"template":"","format":"standard","meta":{"footnotes":""},"categories":[6],"tags":[],"class_list":["post-21651","post","type-post","status-publish","format-standard","hentry","category-lajme"],"_links":{"self":[{"href":"https:\/\/new.findnews5.com\/index.php?rest_route=\/wp\/v2\/posts\/21651","targetHints":{"allow":["GET"]}}],"collection":[{"href":"https:\/\/new.findnews5.com\/index.php?rest_route=\/wp\/v2\/posts"}],"about":[{"href":"https:\/\/new.findnews5.com\/index.php?rest_route=\/wp\/v2\/types\/post"}],"author":[{"embeddable":true,"href":"https:\/\/new.findnews5.com\/index.php?rest_route=\/wp\/v2\/users\/1"}],"replies":[{"embeddable":true,"href":"https:\/\/new.findnews5.com\/index.php?rest_route=%2Fwp%2Fv2%2Fcomments&post=21651"}],"version-history":[{"count":0,"href":"https:\/\/new.findnews5.com\/index.php?rest_route=\/wp\/v2\/posts\/21651\/revisions"}],"wp:attachment":[{"href":"https:\/\/new.findnews5.com\/index.php?rest_route=%2Fwp%2Fv2%2Fmedia&parent=21651"}],"wp:term":[{"taxonomy":"category","embeddable":true,"href":"https:\/\/new.findnews5.com\/index.php?rest_route=%2Fwp%2Fv2%2Fcategories&post=21651"},{"taxonomy":"post_tag","embeddable":true,"href":"https:\/\/new.findnews5.com\/index.php?rest_route=%2Fwp%2Fv2%2Ftags&post=21651"}],"curies":[{"name":"wp","href":"https:\/\/api.w.org\/{rel}","templated":true}]}}