{"id":21621,"date":"2024-10-09T16:23:15","date_gmt":"2024-10-09T16:23:15","guid":{"rendered":"https:\/\/new.findnews5.com\/?p=21621"},"modified":"2024-10-09T16:23:19","modified_gmt":"2024-10-09T16:23:19","slug":"nga-shkodra-ne-gjirokaster-zonat-qe-rrezikohen-sot-nga-rrebeshet-dhe-permbytjet","status":"publish","type":"post","link":"https:\/\/new.findnews5.com\/?p=21621","title":{"rendered":"Nga Shkodra n\u00eb Gjirokast\u00ebr, zonat q\u00eb rrezikohen sot nga rrebeshet dhe p\u00ebrmbytjet"},"content":{"rendered":"<div class=\"78954ae5fa42b68c1393fe3da4998882\" data-index=\"1\" style=\"float: none; margin:0px 0 0px 0; text-align:center;\">\n<div data-type=\"_mgwidget\" data-widget-id=\"1576712\">\r\n<\/div>\r\n<script>(function(w,q){w[q]=w[q]||[];w[q].push([\"_mgc.load\"])})(window,\"_mgq\");\r\n<\/script>\r\n\n<\/div>\n\n<p>Gjat\u00eb nat\u00ebs jan\u00eb rikthyer reshjet n\u00eb t\u00eb gjith\u00eb territorin e Shqip\u00ebris\u00eb, por pasditja sjell p\u00ebrmir\u00ebsim t\u00eb motit. K\u00ebshtu u shpreh n\u00eb Dita Jon\u00eb, Tanja Porja, sipas t\u00eb cil\u00ebs rrebeshet do t\u00eb mbesin n\u00eb disa zona t\u00eb vendit.<\/p>\n\n\n\n<p>Sipas saj m\u00eb t\u00eb rrezikuara nga rrebeshet dhe p\u00ebrmbytjet jan\u00eb Shkodra Lezha, Puka, nj\u00eb pjes\u00eb e Tiran\u00ebs e Elbasanit dhe Tepelena e Gjirokastra.<\/p>\n\n\n\n<p><a href=\"https:\/\/rrugapress.al\/nga-shkodra-ne-gjirokaster-zonat-qe-rrezikohen-sot-nga-rrebeshet-dhe-permbytjet\/\"><\/a><\/p>\n\n\n\n<figure class=\"wp-block-image size-full\"><a href=\"https:\/\/new.findnews5.com\/?p=21622\"><img loading=\"lazy\" decoding=\"async\" width=\"294\" height=\"79\" src=\"http:\/\/new.findnews5.com\/wp-content\/uploads\/2024\/10\/SHIKOVIDEONKETU.jpg\" alt=\"\" class=\"wp-image-21588\"\/><\/a><\/figure>\n\n<div style=\"font-size: 0px; height: 0px; line-height: 0px; margin: 0; padding: 0; clear: both;\"><\/div>","protected":false},"excerpt":{"rendered":"<p>Gjat\u00eb nat\u00ebs jan\u00eb rikthyer reshjet n\u00eb t\u00eb gjith\u00eb territorin e Shqip\u00ebris\u00eb, por pasditja sjell p\u00ebrmir\u00ebsim t\u00eb motit. K\u00ebshtu u shpreh n\u00eb Dita Jon\u00eb, Tanja Porja, sipas t\u00eb&#8230; <\/p>\n","protected":false},"author":1,"featured_media":21623,"comment_status":"open","ping_status":"open","sticky":false,"template":"","format":"standard","meta":{"footnotes":""},"categories":[6],"tags":[],"class_list":["post-21621","post","type-post","status-publish","format-standard","has-post-thumbnail","hentry","category-lajme"],"_links":{"self":[{"href":"https:\/\/new.findnews5.com\/index.php?rest_route=\/wp\/v2\/posts\/21621","targetHints":{"allow":["GET"]}}],"collection":[{"href":"https:\/\/new.findnews5.com\/index.php?rest_route=\/wp\/v2\/posts"}],"about":[{"href":"https:\/\/new.findnews5.com\/index.php?rest_route=\/wp\/v2\/types\/post"}],"author":[{"embeddable":true,"href":"https:\/\/new.findnews5.com\/index.php?rest_route=\/wp\/v2\/users\/1"}],"replies":[{"embeddable":true,"href":"https:\/\/new.findnews5.com\/index.php?rest_route=%2Fwp%2Fv2%2Fcomments&post=21621"}],"version-history":[{"count":0,"href":"https:\/\/new.findnews5.com\/index.php?rest_route=\/wp\/v2\/posts\/21621\/revisions"}],"wp:featuredmedia":[{"embeddable":true,"href":"https:\/\/new.findnews5.com\/index.php?rest_route=\/wp\/v2\/media\/21623"}],"wp:attachment":[{"href":"https:\/\/new.findnews5.com\/index.php?rest_route=%2Fwp%2Fv2%2Fmedia&parent=21621"}],"wp:term":[{"taxonomy":"category","embeddable":true,"href":"https:\/\/new.findnews5.com\/index.php?rest_route=%2Fwp%2Fv2%2Fcategories&post=21621"},{"taxonomy":"post_tag","embeddable":true,"href":"https:\/\/new.findnews5.com\/index.php?rest_route=%2Fwp%2Fv2%2Ftags&post=21621"}],"curies":[{"name":"wp","href":"https:\/\/api.w.org\/{rel}","templated":true}]}}