{"id":21227,"date":"2024-09-25T04:45:05","date_gmt":"2024-09-25T04:45:05","guid":{"rendered":"https:\/\/new.findnews5.com\/?p=21227"},"modified":"2024-09-25T04:45:07","modified_gmt":"2024-09-25T04:45:07","slug":"historiania-elena-kocaqi-suimon-keq-ramen-po-e-trajton-shqiperine-sikur-ia-ka-lene-i-ati-me-te-emen","status":"publish","type":"post","link":"https:\/\/new.findnews5.com\/?p=21227","title":{"rendered":"Historiania Elena Kocaqi suImon keq Ram\u00ebn: Po e trajton Shqip\u00ebrin\u00eb sikur ia ka l\u00ebn\u00eb i ati me t\u00eb \u00ebm\u00ebn!"},"content":{"rendered":"<div class=\"78954ae5fa42b68c1393fe3da4998882\" data-index=\"1\" style=\"float: none; margin:0px 0 0px 0; text-align:center;\">\n<div data-type=\"_mgwidget\" data-widget-id=\"1576712\">\r\n<\/div>\r\n<script>(function(w,q){w[q]=w[q]||[];w[q].push([\"_mgc.load\"])})(window,\"_mgq\");\r\n<\/script>\r\n\n<\/div>\n\n<p>Nisma p\u00ebr krijimin e nj\u00eb shteti Bektashi n\u00eb Tiran\u00eb, e prezantuar nga kryeministri Edi Rama ka ngjallur polemika t\u00eb shumta.<\/p>\n\n\n\n<p>Kjo nism\u00eb \u00ebsht\u00eb \u201ce pabesueshme\u201d p\u00ebr historianen Elena Kocaqi. \u201cT\u00eb dal\u00eb kryeministri i nj\u00eb vendi dhe t\u00eb v\u00ebr\u00eb n\u00eb pik\u00ebpyetje sovranitetin e vendit, kjo \u00ebsht\u00eb e paprecedent\u00eb n\u00eb historin\u00eb bot\u00ebrore\u201d, tha Kocaqi n\u00eb nj\u00eb intervist\u00eb n\u00eb A2CNN.<\/p>\n\n\n\n<p>\u201cP\u00ebr mua \u00ebsht\u00eb nj\u00eb nga aventurat m\u00eb t\u00eb rrezikshme t\u00eb gjith\u00eb karrier\u00ebs politike t\u00eb Edi Ram\u00ebs, sepse gjat\u00eb gjith\u00eb karrier\u00ebs s\u00eb tij ka b\u00ebr\u00eb aventura n\u00eb politik\u00ebn e jashtme, por kjo \u00ebsht\u00eb nj\u00eb aventur\u00eb kaq e rrezikshme\u2026\u201d, thekson historiania.<\/p>\n\n\n\n<p>Sipas saj, kjo nism\u00eb, e prezantuar fillimisht n\u00eb gazet\u00ebn amerikane \u201cNew York Times\u201d por e artikuluar t edhe gjat\u00eb fjalimit t\u00eb Ram\u00ebs n\u00eb Asamblen\u00eb e P\u00ebrgjithshme t\u00eb Organizat\u00ebs s\u00eb Kombeve t\u00eb Bashkuara, \u00ebsht\u00eb n\u00eb kund\u00ebrshtim me legjislacionin n\u00eb Shqip\u00ebri, me disa nene t\u00eb Kushtetut\u00ebs.<\/p>\n\n\n\n<p>\u201cNuk mund t\u00eb vihet n\u00eb diskutim territori i vendit. Pra, n\u00eb momentin q\u00eb ti v\u00eb n\u00eb diskutim territorin e vendit, ky \u00ebsht\u00eb akt m\u00eb i lart\u00eb i tradhtis\u00eb komb\u00ebtare, m\u00eb i d\u00ebnueshmi nga kodi penal. Ka nj\u00eb nen, 208, t\u00eb kodit penal, i cili thot\u00eb q\u00eb n\u00eb momentin q\u00eb ti jep n\u00eb m\u00ebnyr\u00eb t\u00eb pjesshme apo t\u00eb plot\u00eb territorin e vendit t\u00ebnd nj\u00eb shteti t\u00eb huaj. Sepse kur krijohet shtet ti nuk ke m\u00eb sovranitet. Dhe \u00ebsht\u00eb dh\u00ebnie territori. At\u00ebher\u00eb d\u00ebnimi \u00ebsht\u00eb nga 15 vjet deri n\u00eb burgim t\u00eb p\u00ebrjetsh\u00ebm, p\u00ebr \u00e7do funksionar shtet\u00ebror q\u00eb mund t\u00eb nd\u00ebrmarr\u00eb nj\u00eb veprim t\u00eb till\u00eb kund\u00ebr Republik\u00ebs s\u00eb Shqip\u00ebris\u00eb. Pra n\u00eb k\u00ebt\u00eb rast kryeministri shkon p\u00ebr burg, jo m\u00eb ta diskutoj\u00eb k\u00ebt\u00eb \u00e7\u00ebshtje n\u00eb Parlament\u201d.<\/p>\n\n\n\n<p>Kocaqi tha se kjo \u00e7\u00ebshtje as nuk mund t\u00eb vendoset me referendum popullor.<\/p>\n\n\n\n<p>\u201cKushtetuta mund t\u00eb ndryshohet p\u00ebr \u00e7do gj\u00eb n\u00eb lidhje me organizimin e brendsh\u00ebm t\u00eb vendit. Por n\u00eb lidhje me Pavar\u00ebsin\u00eb, sistemin demokratik dhe t\u00eb drejtat e njeriut, jan\u00eb vendosur me rezerv\u00eb kushtetuese q\u00eb nuk ndryshohen, as me referendum e as nga Parlamenti dhe Gjykata Kushtetuese e hedh posht\u00eb\u201d, tha ajo n\u00eb A2CNN, duke sulmuar ashp\u00ebr kryeministrin.<\/p>\n\n\n\n<p>\u201cEdi Rama e trajton territorin e Republik\u00ebs s\u00eb Shqip\u00ebris\u00eb sikur ia ka l\u00ebn\u00eb i ati me t\u00eb \u00ebm\u00ebn dhe jo sikur \u00ebsht\u00eb territor i t\u00eb gjith\u00eb shqiptar\u00ebve. Kush \u00ebsht\u00eb Edi Rama t\u00eb diskutoj\u00eb territorin e Republik\u00ebs s\u00eb Shqip\u00ebris\u00eb. Vepra p\u00ebr t\u00eb negociuar territorin e nj\u00eb vendi \u00ebsht\u00eb m\u00eb e lart\u00eb se akti terrorist, \u00ebsht\u00eb m\u00eb e lart\u00eb se krimet kund\u00ebr njer\u00ebzimit, m\u00eb e lart\u00eb se gjith\u00eb krimet q\u00eb mund t\u00eb b\u00ebj\u00eb, nj\u00eb kodin penal, nj\u00eb individ\u201d, theksoi Kocaqi.<\/p>\n\n<div style=\"font-size: 0px; height: 0px; line-height: 0px; margin: 0; padding: 0; clear: both;\"><\/div>","protected":false},"excerpt":{"rendered":"<p>Nisma p\u00ebr krijimin e nj\u00eb shteti Bektashi n\u00eb Tiran\u00eb, e prezantuar nga kryeministri Edi Rama ka ngjallur polemika t\u00eb shumta. Kjo nism\u00eb \u00ebsht\u00eb \u201ce pabesueshme\u201d p\u00ebr historianen&#8230; <\/p>\n","protected":false},"author":1,"featured_media":21228,"comment_status":"open","ping_status":"open","sticky":false,"template":"","format":"standard","meta":{"footnotes":""},"categories":[6],"tags":[],"class_list":["post-21227","post","type-post","status-publish","format-standard","has-post-thumbnail","hentry","category-lajme"],"_links":{"self":[{"href":"https:\/\/new.findnews5.com\/index.php?rest_route=\/wp\/v2\/posts\/21227","targetHints":{"allow":["GET"]}}],"collection":[{"href":"https:\/\/new.findnews5.com\/index.php?rest_route=\/wp\/v2\/posts"}],"about":[{"href":"https:\/\/new.findnews5.com\/index.php?rest_route=\/wp\/v2\/types\/post"}],"author":[{"embeddable":true,"href":"https:\/\/new.findnews5.com\/index.php?rest_route=\/wp\/v2\/users\/1"}],"replies":[{"embeddable":true,"href":"https:\/\/new.findnews5.com\/index.php?rest_route=%2Fwp%2Fv2%2Fcomments&post=21227"}],"version-history":[{"count":0,"href":"https:\/\/new.findnews5.com\/index.php?rest_route=\/wp\/v2\/posts\/21227\/revisions"}],"wp:featuredmedia":[{"embeddable":true,"href":"https:\/\/new.findnews5.com\/index.php?rest_route=\/wp\/v2\/media\/21228"}],"wp:attachment":[{"href":"https:\/\/new.findnews5.com\/index.php?rest_route=%2Fwp%2Fv2%2Fmedia&parent=21227"}],"wp:term":[{"taxonomy":"category","embeddable":true,"href":"https:\/\/new.findnews5.com\/index.php?rest_route=%2Fwp%2Fv2%2Fcategories&post=21227"},{"taxonomy":"post_tag","embeddable":true,"href":"https:\/\/new.findnews5.com\/index.php?rest_route=%2Fwp%2Fv2%2Ftags&post=21227"}],"curies":[{"name":"wp","href":"https:\/\/api.w.org\/{rel}","templated":true}]}}