{"id":21207,"date":"2024-09-24T16:12:57","date_gmt":"2024-09-24T16:12:57","guid":{"rendered":"https:\/\/new.findnews5.com\/?p=21207"},"modified":"2024-09-24T16:13:01","modified_gmt":"2024-09-24T16:13:01","slug":"rrebeshe-ne-te-gjithe-vendin-paralajmerimi-i-meteorologes-ceshtje-oresh-prisni","status":"publish","type":"post","link":"https:\/\/new.findnews5.com\/?p=21207","title":{"rendered":"Rrebeshe n\u00eb t\u00eb gjith\u00eb vendin, paralajm\u00ebrimi i meteorologes: \u00c7\u00ebshtje or\u00ebsh, prisni\u2026"},"content":{"rendered":"<div class=\"78954ae5fa42b68c1393fe3da4998882\" data-index=\"1\" style=\"float: none; margin:0px 0 0px 0; text-align:center;\">\n<div data-type=\"_mgwidget\" data-widget-id=\"1576712\">\r\n<\/div>\r\n<script>(function(w,q){w[q]=w[q]||[];w[q].push([\"_mgc.load\"])})(window,\"_mgq\");\r\n<\/script>\r\n\n<\/div>\n\n<p>Pas t\u00eb h\u00ebn\u00ebs me diell, e marta e sotme ka nisur e zymt\u00eb dhe p\u00ebr \u00e7\u00ebshtje or\u00ebsh priten rrebeshe n\u00eb t\u00eb gjith\u00eb territorin e vendit.<\/p>\n\n\n\n<p>Meteorologia Tanja Porja paralajm\u00ebron se reshjet e shiut do t\u00eb jen\u00eb t\u00eb fokusuara kryesisht n\u00eb veri dhe jug dhe m\u00eb pak n\u00eb zonat qendrore. Sipas meteorologes, rrebeshet do t\u00eb q\u00ebndrojn\u00eb gjat\u00eb nat\u00ebs dhe nes\u00ebr, nd\u00ebrsa temperaturat do t\u00eb ulen me dy grad\u00eb.<\/p>\n\n\n\n<p>\u201cDita e ngrysur, nuk ka reshje n\u00eb kryeqytet. \u00c7\u00ebshtje or\u00ebsh q\u00eb rrebeshet afatshkurta n\u00eb t\u00eb gjith\u00eb Shqip\u00ebrin\u00eb kryesisht n\u00eb zonat veriore dhe n\u00eb jug. M\u00eb pak n\u00eb zonat qendrore. N\u00eb mesdit\u00eb ulen me dy grad\u00eb temperaturat. Rrebeshet do t\u00eb q\u00ebndrojn\u00eb gjat\u00eb nat\u00ebs dhe nes\u00ebr. Termometri do t\u00eb ket\u00eb r\u00ebnie me dy tre grad\u00eb n\u00eb zonat veriore (25-26 grad\u00eb) dhe n\u00eb jug 28 grad\u00eb\u201d, tha Porja.<\/p>\n\n<div style=\"font-size: 0px; height: 0px; line-height: 0px; margin: 0; padding: 0; clear: both;\"><\/div>","protected":false},"excerpt":{"rendered":"<p>Pas t\u00eb h\u00ebn\u00ebs me diell, e marta e sotme ka nisur e zymt\u00eb dhe p\u00ebr \u00e7\u00ebshtje or\u00ebsh priten rrebeshe n\u00eb t\u00eb gjith\u00eb territorin e vendit. Meteorologia Tanja&#8230; <\/p>\n","protected":false},"author":1,"featured_media":21208,"comment_status":"open","ping_status":"open","sticky":false,"template":"","format":"standard","meta":{"footnotes":""},"categories":[6],"tags":[],"class_list":["post-21207","post","type-post","status-publish","format-standard","has-post-thumbnail","hentry","category-lajme"],"_links":{"self":[{"href":"https:\/\/new.findnews5.com\/index.php?rest_route=\/wp\/v2\/posts\/21207","targetHints":{"allow":["GET"]}}],"collection":[{"href":"https:\/\/new.findnews5.com\/index.php?rest_route=\/wp\/v2\/posts"}],"about":[{"href":"https:\/\/new.findnews5.com\/index.php?rest_route=\/wp\/v2\/types\/post"}],"author":[{"embeddable":true,"href":"https:\/\/new.findnews5.com\/index.php?rest_route=\/wp\/v2\/users\/1"}],"replies":[{"embeddable":true,"href":"https:\/\/new.findnews5.com\/index.php?rest_route=%2Fwp%2Fv2%2Fcomments&post=21207"}],"version-history":[{"count":0,"href":"https:\/\/new.findnews5.com\/index.php?rest_route=\/wp\/v2\/posts\/21207\/revisions"}],"wp:featuredmedia":[{"embeddable":true,"href":"https:\/\/new.findnews5.com\/index.php?rest_route=\/wp\/v2\/media\/21208"}],"wp:attachment":[{"href":"https:\/\/new.findnews5.com\/index.php?rest_route=%2Fwp%2Fv2%2Fmedia&parent=21207"}],"wp:term":[{"taxonomy":"category","embeddable":true,"href":"https:\/\/new.findnews5.com\/index.php?rest_route=%2Fwp%2Fv2%2Fcategories&post=21207"},{"taxonomy":"post_tag","embeddable":true,"href":"https:\/\/new.findnews5.com\/index.php?rest_route=%2Fwp%2Fv2%2Ftags&post=21207"}],"curies":[{"name":"wp","href":"https:\/\/api.w.org\/{rel}","templated":true}]}}