{"id":21204,"date":"2024-09-24T16:09:53","date_gmt":"2024-09-24T16:09:53","guid":{"rendered":"https:\/\/new.findnews5.com\/?p=21204"},"modified":"2024-09-24T16:09:56","modified_gmt":"2024-09-24T16:09:56","slug":"e-rende-ne-itali-pas-permbytjeve-masive-zhduket-foshnja-e-porsalindur-dhe-gjyshja-e-tij-video","status":"publish","type":"post","link":"https:\/\/new.findnews5.com\/?p=21204","title":{"rendered":"E r\u00ebnd\u00eb n\u00eb Itali\/ Pas p\u00ebrmbytjeve masive, zhduket foshnja e porsalindur dhe gjyshja e tij (VIDEO)"},"content":{"rendered":"<div class=\"78954ae5fa42b68c1393fe3da4998882\" data-index=\"1\" style=\"float: none; margin:0px 0 0px 0; text-align:center;\">\n<div data-type=\"_mgwidget\" data-widget-id=\"1576712\">\r\n<\/div>\r\n<script>(function(w,q){w[q]=w[q]||[];w[q].push([\"_mgc.load\"])})(window,\"_mgq\");\r\n<\/script>\r\n\n<\/div>\n\n<p>M\u00ebngjesin e k\u00ebsaj t\u00eb marte, nj\u00eb ngjarje e r\u00ebnd\u00eb ka ndodhur n\u00eb zon\u00ebn e Toskan\u00ebs n\u00eb Itali. Nj\u00eb foshnj\u00eb pes\u00eb muajsh dhe gjyshja e tij jan\u00eb zhdukur, si pasoj\u00eb e v\u00ebrshimeve n\u00eb zon\u00ebn e Montecatini Val di Cecina.<\/p>\n\n\n\n<p>Zjarrfik\u00ebsit arrit\u00ebn t\u00eb shp\u00ebtonin babain e foshnjes, nd\u00ebrsa m\u00ebsohet se ishin turist\u00eb t\u00eb huaj dhe kishin qen\u00eb n\u00eb Itali me pushime.<\/p>\n\n\n\n<h3 class=\"wp-block-heading\"><\/h3>\n\n\n\n<p>Forcat zjarrfik\u00ebse dhe palombar\u00ebt jan\u00eb duke vijuar k\u00ebrkimet p\u00ebr gjetjen e dy t\u00eb zhdukurve, por deri m\u00eb tani pa asnj\u00eb rezultat.<\/p>\n\n\n\n<p> <\/p>\n\n\n\n<p><br>Banesat dhe tokat bujq\u00ebsore n\u00eb zonat jan\u00eb p\u00ebrmbytur dhe jan\u00eb shkaktuar d\u00ebme t\u00eb m\u00ebdha materiale. P\u00ebrve\u00e7 Italis\u00eb, nga moti i keq \u00ebsht\u00eb goditur edhe Britania.<\/p>\n\n<div style=\"font-size: 0px; height: 0px; line-height: 0px; margin: 0; padding: 0; clear: both;\"><\/div>","protected":false},"excerpt":{"rendered":"<p>M\u00ebngjesin e k\u00ebsaj t\u00eb marte, nj\u00eb ngjarje e r\u00ebnd\u00eb ka ndodhur n\u00eb zon\u00ebn e Toskan\u00ebs n\u00eb Itali. Nj\u00eb foshnj\u00eb pes\u00eb muajsh dhe gjyshja e tij jan\u00eb zhdukur,&#8230; <\/p>\n","protected":false},"author":1,"featured_media":21205,"comment_status":"open","ping_status":"open","sticky":false,"template":"","format":"standard","meta":{"footnotes":""},"categories":[6],"tags":[],"class_list":["post-21204","post","type-post","status-publish","format-standard","has-post-thumbnail","hentry","category-lajme"],"_links":{"self":[{"href":"https:\/\/new.findnews5.com\/index.php?rest_route=\/wp\/v2\/posts\/21204","targetHints":{"allow":["GET"]}}],"collection":[{"href":"https:\/\/new.findnews5.com\/index.php?rest_route=\/wp\/v2\/posts"}],"about":[{"href":"https:\/\/new.findnews5.com\/index.php?rest_route=\/wp\/v2\/types\/post"}],"author":[{"embeddable":true,"href":"https:\/\/new.findnews5.com\/index.php?rest_route=\/wp\/v2\/users\/1"}],"replies":[{"embeddable":true,"href":"https:\/\/new.findnews5.com\/index.php?rest_route=%2Fwp%2Fv2%2Fcomments&post=21204"}],"version-history":[{"count":0,"href":"https:\/\/new.findnews5.com\/index.php?rest_route=\/wp\/v2\/posts\/21204\/revisions"}],"wp:featuredmedia":[{"embeddable":true,"href":"https:\/\/new.findnews5.com\/index.php?rest_route=\/wp\/v2\/media\/21205"}],"wp:attachment":[{"href":"https:\/\/new.findnews5.com\/index.php?rest_route=%2Fwp%2Fv2%2Fmedia&parent=21204"}],"wp:term":[{"taxonomy":"category","embeddable":true,"href":"https:\/\/new.findnews5.com\/index.php?rest_route=%2Fwp%2Fv2%2Fcategories&post=21204"},{"taxonomy":"post_tag","embeddable":true,"href":"https:\/\/new.findnews5.com\/index.php?rest_route=%2Fwp%2Fv2%2Ftags&post=21204"}],"curies":[{"name":"wp","href":"https:\/\/api.w.org\/{rel}","templated":true}]}}