{"id":21183,"date":"2024-09-24T08:39:38","date_gmt":"2024-09-24T08:39:38","guid":{"rendered":"https:\/\/new.findnews5.com\/?p=21183"},"modified":"2024-09-24T08:39:40","modified_gmt":"2024-09-24T08:39:40","slug":"reagon-per-here-te-pare-ne-twiter-edi-rama-shteti-bektashi-nje-thesar-qe-shqiperia-duhet-te-ofroje-ne-sherbim-te-paqes-tolerances-dhe-humanizmit","status":"publish","type":"post","link":"https:\/\/new.findnews5.com\/?p=21183","title":{"rendered":"Reagon per here te pare ne Twiter Edi Rama: Shteti bektashi, nj\u00eb thesar q\u00eb Shqip\u00ebria duhet t\u00eb ofroj\u00eb n\u00eb sh\u00ebrbim t\u00eb paqes, toleranc\u00ebs dhe humanizmit"},"content":{"rendered":"<div class=\"78954ae5fa42b68c1393fe3da4998882\" data-index=\"1\" style=\"float: none; margin:0px 0 0px 0; text-align:center;\">\n<div data-type=\"_mgwidget\" data-widget-id=\"1576712\">\r\n<\/div>\r\n<script>(function(w,q){w[q]=w[q]||[];w[q].push([\"_mgc.load\"])})(window,\"_mgq\");\r\n<\/script>\r\n\n<\/div>\n\n<p>Kryeministri Edi Rama ka reaguar n\u00eb rrjetin e tij n\u00eb X lidhur me krijimin e shtetit t\u00eb ri bektashi n\u00eb Tiran\u00eb, lajm i cili \u00ebsht\u00eb b\u00ebr\u00eb fillimisht i ditur p\u00ebrmes nj\u00eb artikulli n\u00eb New York Times.<\/p>\n\n\n\n<p>N\u00eb foton krah librit t\u00eb autorit kanadez Robert Elsie, me titullin \u201cBektashiu Shqiptar, Historia dhe Kultura e Urdh\u00ebrit Dervishian n\u00eb Ballkan\u201d, kryeministri shkruan:<br>Kryeministri Edi Rama ka reaguar n\u00eb rrjetin e tij n\u00eb X lidhur me krijimin e shtetit t\u00eb ri bektashi n\u00eb Tiran\u00eb, lajm i cili \u00ebsht\u00eb b\u00ebr\u00eb fillimisht i ditur p\u00ebrmes nj\u00eb artikulli n\u00eb New York Times.<\/p>\n\n\n\n<p>N\u00eb foton krah librit t\u00eb autorit kanadez Robert Elsie, me titullin \u201cBektashiu Shqiptar, Historia dhe Kultura e Urdh\u00ebrit Dervishian n\u00eb Ballkan\u201d, kryeministri shkruan:<\/p>\n\n<div style=\"font-size: 0px; height: 0px; line-height: 0px; margin: 0; padding: 0; clear: both;\"><\/div>","protected":false},"excerpt":{"rendered":"<p>Kryeministri Edi Rama ka reaguar n\u00eb rrjetin e tij n\u00eb X lidhur me krijimin e shtetit t\u00eb ri bektashi n\u00eb Tiran\u00eb, lajm i cili \u00ebsht\u00eb b\u00ebr\u00eb fillimisht&#8230; <\/p>\n","protected":false},"author":1,"featured_media":21184,"comment_status":"open","ping_status":"open","sticky":false,"template":"","format":"standard","meta":{"footnotes":""},"categories":[6],"tags":[],"class_list":["post-21183","post","type-post","status-publish","format-standard","has-post-thumbnail","hentry","category-lajme"],"_links":{"self":[{"href":"https:\/\/new.findnews5.com\/index.php?rest_route=\/wp\/v2\/posts\/21183","targetHints":{"allow":["GET"]}}],"collection":[{"href":"https:\/\/new.findnews5.com\/index.php?rest_route=\/wp\/v2\/posts"}],"about":[{"href":"https:\/\/new.findnews5.com\/index.php?rest_route=\/wp\/v2\/types\/post"}],"author":[{"embeddable":true,"href":"https:\/\/new.findnews5.com\/index.php?rest_route=\/wp\/v2\/users\/1"}],"replies":[{"embeddable":true,"href":"https:\/\/new.findnews5.com\/index.php?rest_route=%2Fwp%2Fv2%2Fcomments&post=21183"}],"version-history":[{"count":0,"href":"https:\/\/new.findnews5.com\/index.php?rest_route=\/wp\/v2\/posts\/21183\/revisions"}],"wp:featuredmedia":[{"embeddable":true,"href":"https:\/\/new.findnews5.com\/index.php?rest_route=\/wp\/v2\/media\/21184"}],"wp:attachment":[{"href":"https:\/\/new.findnews5.com\/index.php?rest_route=%2Fwp%2Fv2%2Fmedia&parent=21183"}],"wp:term":[{"taxonomy":"category","embeddable":true,"href":"https:\/\/new.findnews5.com\/index.php?rest_route=%2Fwp%2Fv2%2Fcategories&post=21183"},{"taxonomy":"post_tag","embeddable":true,"href":"https:\/\/new.findnews5.com\/index.php?rest_route=%2Fwp%2Fv2%2Ftags&post=21183"}],"curies":[{"name":"wp","href":"https:\/\/api.w.org\/{rel}","templated":true}]}}