{"id":21179,"date":"2024-09-23T19:29:48","date_gmt":"2024-09-23T19:29:48","guid":{"rendered":"https:\/\/new.findnews5.com\/?p=21179"},"modified":"2024-09-23T19:29:52","modified_gmt":"2024-09-23T19:29:52","slug":"besi-dhe-xhensila-nuk-jane-ndare-kurre-keto-detaje-shtojne-dyshimet","status":"publish","type":"post","link":"https:\/\/new.findnews5.com\/?p=21179","title":{"rendered":"Besi dhe Xhensila nuk jan\u00eb ndar\u00eb kurr\u00eb? K\u00ebto detaje shtojn\u00eb dyshimet"},"content":{"rendered":"<div class=\"78954ae5fa42b68c1393fe3da4998882\" data-index=\"1\" style=\"float: none; margin:0px 0 0px 0; text-align:center;\">\n<div data-type=\"_mgwidget\" data-widget-id=\"1576712\">\r\n<\/div>\r\n<script>(function(w,q){w[q]=w[q]||[];w[q].push([\"_mgc.load\"])})(window,\"_mgq\");\r\n<\/script>\r\n\n<\/div>\n\n<p>Nj\u00eb nga \u00e7iftet m\u00eb t\u00eb dashura p\u00ebr publikun, ishte padyshim ai mes aktorit t\u00eb humorit Bes Kallaku dhe k\u00ebng\u00ebtares Xhensila Myrtezaj.<\/p>\n\n\n\n<p>Por pas shum\u00eb vitesh bashk\u00eb dhe pas rreth 7 vitesh t\u00eb martuar dhe prind\u00ebr t\u00eb dy f\u00ebmij\u00ebve, ata iu drejtuan gjykat\u00ebs p\u00ebr t\u00eb k\u00ebrkuar divorcin.<\/p>\n\n\n\n<h3 class=\"wp-block-heading\"><\/h3>\n\n\n\n<p>Nj\u00eb lajm q\u00eb i la t\u00eb trishtuar fansat e tyre, teksa asnj\u00eb prej tyre nuk doli kurr\u00eb t\u00eb sqaronte apo t\u00eb deklaronte qart\u00ebsisht se \u201cpo\u201d martes\u00ebs s\u00eb tyre i kishte ardhur fundit.<\/p>\n\n\n\n<p>Ata kan\u00eb pohuar \u201cn\u00ebn z\u00eb\u201d se nuk jan\u00eb m\u00eb bashk\u00eb, nd\u00ebrsa ajo q\u00eb u vu re ishte ndalimi i postimeve n\u00eb rrjetet sociale s\u00eb bashku, si nj\u00eb familje.<\/p>\n\n\n\n<p>Tashm\u00eb t\u00eb dy duket se vijojn\u00eb jet\u00ebn e tyre, ku bukuroshja brune vijon me koncertet dhe projektet e reja muzikore, nd\u00ebrsa Kallaku po ashtu me projektet e tij.<\/p>\n\n\n\n<p>Por nj\u00eb detaj n\u00eb \u201cInstagramet\u201d e tyre ka ngritur disa pik\u00ebpyetje tek fansat, duke menduar ose \u00e7ifti ndoshta nuk jan\u00eb ndar\u00eb, ose mund t\u00eb ket\u00eb ndonj\u00eb \u201cfije shprese\u201d se jan\u00eb rikthyer\u2026<\/p>\n\n\n\n<p>Kjo pasi n\u00eb profilet e tyre n\u00eb \u201cInstagram\u201d, duket se as Xhensila dhe as Besi nuk i kan\u00eb fshir\u00eb fotot nga dasma e tyre n\u00eb 2017, e as fotot nga festa e dit\u00eblindjes s\u00eb Xhensil\u00ebs.<\/p>\n\n\n\n<p>Xhensila ka fshir\u00eb fotot ku ishte n\u00eb krah t\u00eb Besit, por fotot e saj me fustan nus\u00ebrie nuk i ka fshir\u00eb, as mesazhet q\u00eb dikush kishte l\u00ebn\u00eb si di\u00e7itur\u00eb.<\/p>\n\n\n\n<p>Gjithashtu, edhe foton e tort\u00ebs s\u00eb saj e cila kishte foton e t\u00eb dyve, ajo nuk e ka fshir\u00eb.<\/p>\n\n\n\n<p>Nga ana tjet\u00ebr, Besi nuk i ka fshir\u00eb fotot q\u00eb ka pasur me Xhensil\u00ebs kur njoftuan se do t\u00eb martoheshin, e as at\u00eb kur njoftuan se do t\u00eb b\u00ebheshin prind\u00ebr p\u00ebr her\u00eb t\u00eb par\u00eb.<\/p>\n\n\n\n<p>Nuk dihet sesi \u00e7ifti i ka marr\u00ebdh\u00ebniet, por di\u00e7ka \u00ebsht\u00eb e qart\u00eb n\u00eb rrjet, fansat e tyre i duan s\u00ebrish bashk\u00eb!<\/p>\n\n<div style=\"font-size: 0px; height: 0px; line-height: 0px; margin: 0; padding: 0; clear: both;\"><\/div>","protected":false},"excerpt":{"rendered":"<p>Nj\u00eb nga \u00e7iftet m\u00eb t\u00eb dashura p\u00ebr publikun, ishte padyshim ai mes aktorit t\u00eb humorit Bes Kallaku dhe k\u00ebng\u00ebtares Xhensila Myrtezaj. Por pas shum\u00eb vitesh bashk\u00eb dhe&#8230; <\/p>\n","protected":false},"author":1,"featured_media":21180,"comment_status":"open","ping_status":"open","sticky":false,"template":"","format":"standard","meta":{"footnotes":""},"categories":[6],"tags":[],"class_list":["post-21179","post","type-post","status-publish","format-standard","has-post-thumbnail","hentry","category-lajme"],"_links":{"self":[{"href":"https:\/\/new.findnews5.com\/index.php?rest_route=\/wp\/v2\/posts\/21179","targetHints":{"allow":["GET"]}}],"collection":[{"href":"https:\/\/new.findnews5.com\/index.php?rest_route=\/wp\/v2\/posts"}],"about":[{"href":"https:\/\/new.findnews5.com\/index.php?rest_route=\/wp\/v2\/types\/post"}],"author":[{"embeddable":true,"href":"https:\/\/new.findnews5.com\/index.php?rest_route=\/wp\/v2\/users\/1"}],"replies":[{"embeddable":true,"href":"https:\/\/new.findnews5.com\/index.php?rest_route=%2Fwp%2Fv2%2Fcomments&post=21179"}],"version-history":[{"count":0,"href":"https:\/\/new.findnews5.com\/index.php?rest_route=\/wp\/v2\/posts\/21179\/revisions"}],"wp:featuredmedia":[{"embeddable":true,"href":"https:\/\/new.findnews5.com\/index.php?rest_route=\/wp\/v2\/media\/21180"}],"wp:attachment":[{"href":"https:\/\/new.findnews5.com\/index.php?rest_route=%2Fwp%2Fv2%2Fmedia&parent=21179"}],"wp:term":[{"taxonomy":"category","embeddable":true,"href":"https:\/\/new.findnews5.com\/index.php?rest_route=%2Fwp%2Fv2%2Fcategories&post=21179"},{"taxonomy":"post_tag","embeddable":true,"href":"https:\/\/new.findnews5.com\/index.php?rest_route=%2Fwp%2Fv2%2Ftags&post=21179"}],"curies":[{"name":"wp","href":"https:\/\/api.w.org\/{rel}","templated":true}]}}