{"id":21176,"date":"2024-09-23T19:25:15","date_gmt":"2024-09-23T19:25:15","guid":{"rendered":"https:\/\/new.findnews5.com\/?p=21176"},"modified":"2024-09-23T19:25:20","modified_gmt":"2024-09-23T19:25:20","slug":"nena-e-faton-hajrizit-na-lendojne-ende-thashethemet-se-eshte-gjalle-une-e-pashe-trupin-e-tij-qendrova-gati-1-ore-me-te","status":"publish","type":"post","link":"https:\/\/new.findnews5.com\/?p=21176","title":{"rendered":"N\u00ebna e Faton Hajrizit: Na l\u00ebndojn\u00eb ende thashethemet se \u00ebsht\u00eb gjall\u00eb, un\u00eb e pash\u00eb trupin e tij, q\u00ebndrova gati 1 or\u00eb me t\u00eb"},"content":{"rendered":"<div class=\"78954ae5fa42b68c1393fe3da4998882\" data-index=\"1\" style=\"float: none; margin:0px 0 0px 0; text-align:center;\">\n<div data-type=\"_mgwidget\" data-widget-id=\"1576712\">\r\n<\/div>\r\n<script>(function(w,q){w[q]=w[q]||[];w[q].push([\"_mgc.load\"])})(window,\"_mgq\");\r\n<\/script>\r\n\n<\/div>\n\n<p>N\u00ebna e Faton Hajrizit ka rr\u00ebfyer n\u00eb Frontal n\u00eb T7 p\u00ebr kontaktin e fundit me djalin e saj dhe p\u00ebr momentin kur e pa trupin e pajet\u00eb t\u00eb tij n\u00eb Institutin e Mjek\u00ebsis\u00eb Ligjore n\u00eb Kosov\u00eb.<\/p>\n\n\n\n<p>Shehrije Hajrizi thot\u00eb se kufoma \u201cnuk ka qen\u00eb e d\u00ebmtuar\u201d.<\/p>\n\n\n\n<p>\u201cP\u00ebr qato 3 jav\u00eb q\u00eb u mbajt\u00eb kufoma n\u00eb kushte jonormale nuk u kan\u00eb e d\u00ebmtume. Nuk u kan\u00eb e coptume qysh kan\u00eb th\u00ebn\u00eb n\u00eb disa media\u201d, tha ajo.<\/p>\n\n\n\n<p>Thashethemet q\u00eb qarkulluan se Faton Hajrizi \u00ebsht\u00eb gjall\u00eb, ajo tha se \u201cedhe sot na r\u00ebndojn\u00eb\u201d.<\/p>\n\n\n\n<p>\u201cUn\u00eb e kam pa trupin e tij\u201d, thot\u00eb Shehrije Hajrizi.<\/p>\n\n\n\n<p>\u201cKam q\u00ebndru shum\u00eb e fort\u00eb, 23 vjet jam shku n\u00eb burg e kam pa, asnj\u00eb pik\u00eb lot s\u2019e kam qit\u00eb as un\u00eb as ai edhe kur kemi fol\u00eb n\u00eb telefon m\u00eb ka th\u00ebn\u00eb \u2018nan\u00eb, nuk du m\u00ebrzi, nuk du lot\u2019\u201d.<\/p>\n\n\n\n<p>N\u00eb IML, ajo tha se me trupin e pajet\u00eb t\u00eb t\u00eb birit q\u00ebndroi nj\u00eb or\u00eb.<\/p>\n\n\n\n<p>\u201cP\u00ebr nj\u00eb or\u00eb gati kam bisedu\u2026 Shum\u00eb sene q\u00eb kemi pas\u00eb me i realizu bashk\u00eb po na mbeten \u00ebnd\u00ebrr. Ai \u00ebnd\u00ebrrojke me dal\u00eb, me u martu, me pas\u00eb nj\u00eb f\u00ebmij\u00eb. Masi dul n\u00eb vikend e pa \u00e7ka \u00ebsht\u00eb jeta, \u00e7ka ka humb\u00eb. E kam p\u00ebrkthel, e kam puth\u00eb n\u00eb ball\u00eb. ia kam puth\u00eb duart\u201d, tha Shehrije Hajrizi.<\/p>\n\n\n\n<p>Ajo tha se q\u00ebndroi e fort\u00eb \u201cp\u00ebr hat\u00ebr t\u00eb f\u00ebmij\u00ebve tjer\u00eb\u201d.<\/p>\n\n<div style=\"font-size: 0px; height: 0px; line-height: 0px; margin: 0; padding: 0; clear: both;\"><\/div>","protected":false},"excerpt":{"rendered":"<p>N\u00ebna e Faton Hajrizit ka rr\u00ebfyer n\u00eb Frontal n\u00eb T7 p\u00ebr kontaktin e fundit me djalin e saj dhe p\u00ebr momentin kur e pa trupin e pajet\u00eb&#8230; <\/p>\n","protected":false},"author":1,"featured_media":21177,"comment_status":"open","ping_status":"open","sticky":false,"template":"","format":"standard","meta":{"footnotes":""},"categories":[6],"tags":[],"class_list":["post-21176","post","type-post","status-publish","format-standard","has-post-thumbnail","hentry","category-lajme"],"_links":{"self":[{"href":"https:\/\/new.findnews5.com\/index.php?rest_route=\/wp\/v2\/posts\/21176","targetHints":{"allow":["GET"]}}],"collection":[{"href":"https:\/\/new.findnews5.com\/index.php?rest_route=\/wp\/v2\/posts"}],"about":[{"href":"https:\/\/new.findnews5.com\/index.php?rest_route=\/wp\/v2\/types\/post"}],"author":[{"embeddable":true,"href":"https:\/\/new.findnews5.com\/index.php?rest_route=\/wp\/v2\/users\/1"}],"replies":[{"embeddable":true,"href":"https:\/\/new.findnews5.com\/index.php?rest_route=%2Fwp%2Fv2%2Fcomments&post=21176"}],"version-history":[{"count":0,"href":"https:\/\/new.findnews5.com\/index.php?rest_route=\/wp\/v2\/posts\/21176\/revisions"}],"wp:featuredmedia":[{"embeddable":true,"href":"https:\/\/new.findnews5.com\/index.php?rest_route=\/wp\/v2\/media\/21177"}],"wp:attachment":[{"href":"https:\/\/new.findnews5.com\/index.php?rest_route=%2Fwp%2Fv2%2Fmedia&parent=21176"}],"wp:term":[{"taxonomy":"category","embeddable":true,"href":"https:\/\/new.findnews5.com\/index.php?rest_route=%2Fwp%2Fv2%2Fcategories&post=21176"},{"taxonomy":"post_tag","embeddable":true,"href":"https:\/\/new.findnews5.com\/index.php?rest_route=%2Fwp%2Fv2%2Ftags&post=21176"}],"curies":[{"name":"wp","href":"https:\/\/api.w.org\/{rel}","templated":true}]}}