{"id":21173,"date":"2024-09-23T19:22:52","date_gmt":"2024-09-23T19:22:52","guid":{"rendered":"https:\/\/new.findnews5.com\/?p=21173"},"modified":"2024-09-23T19:22:55","modified_gmt":"2024-09-23T19:22:55","slug":"kasandra-shfaqet-publikisht-keshtu-duket-sot-aktorja-e-viteve-te-90-ta","status":"publish","type":"post","link":"https:\/\/new.findnews5.com\/?p=21173","title":{"rendered":"Kasandra shfaqet publikisht, k\u00ebshtu duket sot aktorja e viteve t\u00eb 90-ta"},"content":{"rendered":"<div class=\"78954ae5fa42b68c1393fe3da4998882\" data-index=\"1\" style=\"float: none; margin:0px 0 0px 0; text-align:center;\">\n<div data-type=\"_mgwidget\" data-widget-id=\"1576712\">\r\n<\/div>\r\n<script>(function(w,q){w[q]=w[q]||[];w[q].push([\"_mgc.load\"])})(window,\"_mgq\");\r\n<\/script>\r\n\n<\/div>\n\n<p>Aktorja Koraima Torres e serialit legjendar \u201cCassandra\u201d mb\u00ebrriti mbr\u00ebm\u00eb n\u00eb Beograd p\u00ebr t\u2019u shfaqur si e ftuar speciale n\u00eb nj\u00eb puntat\u00eb te seriali \u201cLoja e fatit\u201d.<\/p>\n\n\n\n<p>Si Kasandra, Koraima fitoi popullaritet t\u00eb madh gjat\u00eb viteve n\u00ebnt\u00ebdhjet\u00eb, kur shum\u00eb familje prisnin me padurim episodet e reja t\u00eb k\u00ebsaj telenovele.<\/p>\n\n\n\n<p>Kjo \u00ebsht\u00eb vizita e saj e dyt\u00eb n\u00eb Serbi dhe producenti i serialit \u201cLoja e fatit\u201d.<\/p>\n\n\n\n<figure class=\"wp-block-image\"><img decoding=\"async\" src=\"https:\/\/asutimes.net\/wp-content\/uploads\/2024\/09\/IMG_8918-300x196.jpeg\" alt=\"\" class=\"wp-image-18637\"\/><\/figure>\n\n\n\n<figure class=\"wp-block-image\"><img decoding=\"async\" src=\"https:\/\/asutimes.net\/wp-content\/uploads\/2024\/09\/IMG_8919-300x255.jpeg\" alt=\"\" class=\"wp-image-18638\"\/><\/figure>\n\n<div style=\"font-size: 0px; height: 0px; line-height: 0px; margin: 0; padding: 0; clear: both;\"><\/div>","protected":false},"excerpt":{"rendered":"<p>Aktorja Koraima Torres e serialit legjendar \u201cCassandra\u201d mb\u00ebrriti mbr\u00ebm\u00eb n\u00eb Beograd p\u00ebr t\u2019u shfaqur si e ftuar speciale n\u00eb nj\u00eb puntat\u00eb te seriali \u201cLoja e fatit\u201d. Si&#8230; <\/p>\n","protected":false},"author":1,"featured_media":21174,"comment_status":"open","ping_status":"open","sticky":false,"template":"","format":"standard","meta":{"footnotes":""},"categories":[6],"tags":[],"class_list":["post-21173","post","type-post","status-publish","format-standard","has-post-thumbnail","hentry","category-lajme"],"_links":{"self":[{"href":"https:\/\/new.findnews5.com\/index.php?rest_route=\/wp\/v2\/posts\/21173","targetHints":{"allow":["GET"]}}],"collection":[{"href":"https:\/\/new.findnews5.com\/index.php?rest_route=\/wp\/v2\/posts"}],"about":[{"href":"https:\/\/new.findnews5.com\/index.php?rest_route=\/wp\/v2\/types\/post"}],"author":[{"embeddable":true,"href":"https:\/\/new.findnews5.com\/index.php?rest_route=\/wp\/v2\/users\/1"}],"replies":[{"embeddable":true,"href":"https:\/\/new.findnews5.com\/index.php?rest_route=%2Fwp%2Fv2%2Fcomments&post=21173"}],"version-history":[{"count":0,"href":"https:\/\/new.findnews5.com\/index.php?rest_route=\/wp\/v2\/posts\/21173\/revisions"}],"wp:featuredmedia":[{"embeddable":true,"href":"https:\/\/new.findnews5.com\/index.php?rest_route=\/wp\/v2\/media\/21174"}],"wp:attachment":[{"href":"https:\/\/new.findnews5.com\/index.php?rest_route=%2Fwp%2Fv2%2Fmedia&parent=21173"}],"wp:term":[{"taxonomy":"category","embeddable":true,"href":"https:\/\/new.findnews5.com\/index.php?rest_route=%2Fwp%2Fv2%2Fcategories&post=21173"},{"taxonomy":"post_tag","embeddable":true,"href":"https:\/\/new.findnews5.com\/index.php?rest_route=%2Fwp%2Fv2%2Ftags&post=21173"}],"curies":[{"name":"wp","href":"https:\/\/api.w.org\/{rel}","templated":true}]}}