{"id":21166,"date":"2024-09-23T09:13:55","date_gmt":"2024-09-23T09:13:55","guid":{"rendered":"https:\/\/new.findnews5.com\/?p=21166"},"modified":"2024-09-23T09:13:56","modified_gmt":"2024-09-23T09:13:56","slug":"per-7-muaj-veriu-i-kosoves-shpenzoi-8-milione-euro-rryme-por-pagoi-vetem-600-mije-euro","status":"publish","type":"post","link":"https:\/\/new.findnews5.com\/?p=21166","title":{"rendered":"P\u00ebr 7 muaj Veriu i Kosov\u00ebs shpenzoi 8 milion\u00eb euro rrym\u00eb por pagoi vet\u00ebm 600 mij\u00eb euro"},"content":{"rendered":"<div class=\"78954ae5fa42b68c1393fe3da4998882\" data-index=\"1\" style=\"float: none; margin:0px 0 0px 0; text-align:center;\">\n<div data-type=\"_mgwidget\" data-widget-id=\"1576712\">\r\n<\/div>\r\n<script>(function(w,q){w[q]=w[q]||[];w[q].push([\"_mgc.load\"])})(window,\"_mgq\");\r\n<\/script>\r\n\n<\/div>\n\n<p>Pun\u00ebtor\u00ebt e kompanis\u00eb Elektrosever, vazhdimisht dalin e kthehen nga tereni.<\/p>\n\n\n\n<p>T\u00eb nj\u00ebjtit, tashm\u00eb e kan\u00eb obligim t\u00eb vendosin or\u00ebt e energjis\u00eb elektrike, t\u00eb regjistrojn\u00eb energjin\u00eb e shpenzuar, dhe t\u00eb shk\u00ebpusin ata t\u00eb cil\u00ebt nuk e paguajn\u00eb at\u00eb n\u00eb t\u00ebr\u00eb veriun e Kosov\u00ebs.<\/p>\n\n\n\n<p>Kur jan\u00eb b\u00ebr\u00eb 7 muaj q\u00eb nga fillimi i k\u00ebtyre obligimeve, qytetar\u00ebt n\u00eb at\u00eb pjes\u00eb kan\u00eb filluar ta paguajn\u00eb energjin\u00eb elektrike, ani pse me nj\u00eb diferenc\u00eb t\u00eb madhe me at\u00eb q\u00eb e kan\u00eb shpenzuar.<\/p>\n\n\n\n<p>\u201cSipas detyrimeve ligjore, Elektrosever obligohet t\u00eb raportoj n\u00eb Zyr\u00ebn e Rregullatorit p\u00ebr Energji n\u00eb baza mujore. Sipas raporteve t\u00eb pranuara p\u00ebr shtat\u00eb mujorin e par\u00eb t\u00eb k\u00ebtij viti, jan\u00eb faturuar 113,941,547&nbsp; k\u00cbh, shprehur n\u00eb euro 8,298,224\u20ac, nd\u00ebrsa pagesa nga energjia e faturuar \u00ebsht\u00eb&nbsp; 631,804\u20ac\u201d, thuhet nga ZRrE<\/p>\n\n\n\n<p>Por, kjo kompani po has n\u00eb probleme t\u00eb m\u00ebdha n\u00eb teren.<\/p>\n\n\n\n<p>\u201cN\u00eb disa lagje nuk i kan\u00eb leju qytetar\u00ebt, si\u00e7 \u00ebsht\u00eb lagjja e Suhodollit, lagjja e&nbsp; Boshnjak\u00ebve, qe besa edhe ne lagjen e Kroit t\u00eb Vitakut nuk i kan\u00eb leju qytetar\u00ebt t\u00eb shtrijn\u00eb kontrollin ose t\u00eb vendosin or\u00ebt p\u00ebr shpenzimin e rrym\u00ebs\u201d, tha Betim Osmani, asamblist i Komun\u00ebs s\u00eb Mitrovic\u00ebs Veriore.<\/p>\n\n\n\n<p>Osmani jep edhe disa nga arsyet q\u00eb qytetar\u00eb kan\u00eb vepruar k\u00ebshtu.<\/p>\n\n\n\n<p>\u201cNj\u00eb nd\u00ebr ato ishte q\u00eb, pse n\u00eb k\u00ebt\u00eb kompani nuk \u00ebsht\u00eb asnj\u00eb nga komunitetet tjera, po vet\u00ebm t\u00eb komunitetit serb\u201d, vijoi ai.<\/p>\n\n\n\n<p>Kurse raportimet p\u00ebr shp\u00ebrndarje t\u00eb faturave t\u00eb shkruara n\u00eb serbishten cirilike dol\u00ebn t\u00eb sakta, u pan\u00eb edhe n\u00eb nj\u00eb fatur\u00eb t\u00eb siguruar nga Tv Dukagjini.<\/p>\n\n\n\n<p>E nj\u00ebjta ishte e shkruar edhe n\u00eb gjuhen shqipe.<\/p>\n\n\n\n<p>Kurse problem sipas Nexhat Ugljanin \u00ebsht\u00eb mosvendosja ende e mat\u00ebsve t\u00eb shpenzimit t\u00eb energjis\u00eb dhe mos n\u00ebnshkrimin e kontratave me konsumator\u00ebt.<\/p>\n\n\n\n<p>P\u00ebr k\u00ebt\u00eb arsyeje thot\u00eb q\u00eb ende vazhdon faturimi paushall\u00eb, sidomos tek bizneset.<\/p>\n\n\n\n<p>\u201cBizneset, shumica i vjen fatura paushall,&nbsp; n\u00eb vler\u00eb me 54 euro ose m\u00eb shum\u00eb, por ne nuk i ikum si qytetar\u00eb sh\u00ebrbimeve dhe obligimeve q\u00eb i kemi nga elektrosever\u201d, tha Nexhat Ugljanin, Kryesues i Kuvendit Komunal t\u00eb M.V.<\/p>\n\n\n\n<p>Nd\u00ebrkaq, p\u00ebr k\u00ebt\u00eb \u00e7\u00ebshtje Dukagjini ishte edhe tek kompania Elektrosever.<\/p>\n\n\n\n<p>Ani pse nga pun\u00ebtor\u00ebt e k\u00ebsaj kompanie u tha se drejtuesit jan\u00eb brenda dhe jan\u00eb lajm\u00ebruar p\u00ebr prezenc\u00ebn dhe k\u00ebrkes\u00ebn e televizionit p\u00ebr intervist\u00eb, pas nj\u00eb pritje afro 30 minuta nuk dhan\u00eb ndonj\u00eb p\u00ebrgjigje.<\/p>\n\n<iframe loading=\"lazy\" width=\"560\" height=\"315\" src=\"https:\/\/www.youtube.com\/embed\/6TG3bBk84U0?si=FHDEXnELND24BIUI\" title=\"YouTube video player\" frameborder=\"0\" allow=\"accelerometer; autoplay; clipboard-write; encrypted-media; gyroscope; picture-in-picture; web-share\" referrerpolicy=\"strict-origin-when-cross-origin\" allowfullscreen><\/iframe>\n<div style=\"font-size: 0px; height: 0px; line-height: 0px; margin: 0; padding: 0; clear: both;\"><\/div>","protected":false},"excerpt":{"rendered":"<p>Pun\u00ebtor\u00ebt e kompanis\u00eb Elektrosever, vazhdimisht dalin e kthehen nga tereni. T\u00eb nj\u00ebjtit, tashm\u00eb e kan\u00eb obligim t\u00eb vendosin or\u00ebt e energjis\u00eb elektrike, t\u00eb regjistrojn\u00eb energjin\u00eb e shpenzuar,&#8230; <\/p>\n","protected":false},"author":1,"featured_media":21167,"comment_status":"open","ping_status":"open","sticky":false,"template":"","format":"standard","meta":{"footnotes":""},"categories":[6],"tags":[],"class_list":["post-21166","post","type-post","status-publish","format-standard","has-post-thumbnail","hentry","category-lajme"],"_links":{"self":[{"href":"https:\/\/new.findnews5.com\/index.php?rest_route=\/wp\/v2\/posts\/21166","targetHints":{"allow":["GET"]}}],"collection":[{"href":"https:\/\/new.findnews5.com\/index.php?rest_route=\/wp\/v2\/posts"}],"about":[{"href":"https:\/\/new.findnews5.com\/index.php?rest_route=\/wp\/v2\/types\/post"}],"author":[{"embeddable":true,"href":"https:\/\/new.findnews5.com\/index.php?rest_route=\/wp\/v2\/users\/1"}],"replies":[{"embeddable":true,"href":"https:\/\/new.findnews5.com\/index.php?rest_route=%2Fwp%2Fv2%2Fcomments&post=21166"}],"version-history":[{"count":0,"href":"https:\/\/new.findnews5.com\/index.php?rest_route=\/wp\/v2\/posts\/21166\/revisions"}],"wp:featuredmedia":[{"embeddable":true,"href":"https:\/\/new.findnews5.com\/index.php?rest_route=\/wp\/v2\/media\/21167"}],"wp:attachment":[{"href":"https:\/\/new.findnews5.com\/index.php?rest_route=%2Fwp%2Fv2%2Fmedia&parent=21166"}],"wp:term":[{"taxonomy":"category","embeddable":true,"href":"https:\/\/new.findnews5.com\/index.php?rest_route=%2Fwp%2Fv2%2Fcategories&post=21166"},{"taxonomy":"post_tag","embeddable":true,"href":"https:\/\/new.findnews5.com\/index.php?rest_route=%2Fwp%2Fv2%2Ftags&post=21166"}],"curies":[{"name":"wp","href":"https:\/\/api.w.org\/{rel}","templated":true}]}}